{"id":331916,"date":"2025-08-20T15:59:11","date_gmt":"2025-08-20T15:59:11","guid":{"rendered":"https:\/\/www.europesays.com\/fr\/331916\/"},"modified":"2025-08-20T15:59:11","modified_gmt":"2025-08-20T15:59:11","slug":"ce-chef-doeuvre-du-musee-des-beaux-arts-de-rennes-va-etre-expose-a-paris","status":"publish","type":"post","link":"https:\/\/www.europesays.com\/fr\/331916\/","title":{"rendered":"Ce chef d&rsquo;oeuvre du mus\u00e9e des beaux-arts de Rennes va \u00eatre expos\u00e9 \u00e0 Paris"},"content":{"rendered":"<p> <img decoding=\"async\" src=\"https:\/\/www.europesays.com\/fr\/wp-content\/uploads\/2025\/08\/1200x680\" alt=\"illustration agrandir l'image\" style=\"--_image-preview:url('data:image\/jpeg;base64,\/9j\/2wBDACgcHiMeGSgjISMtKygwPGRBPDc3PHtYXUlkkYCZlo+AjIqgtObDoKrarYqMyP\/L2u71\/\/\/\/m8H\/\/\/\/6\/+b9\/\/j\/2wBDASstLTw1PHZBQXb4pYyl+Pj4+Pj4+Pj4+Pj4+Pj4+Pj4+Pj4+Pj4+Pj4+Pj4+Pj4+Pj4+Pj4+Pj4+Pj4+Pj4+Pj\/wAARCAAXACoDASIAAhEBAxEB\/8QAGAABAQEBAQAAAAAAAAAAAAAAAAIBAwX\/xAAYEAEBAQEBAAAAAAAAAAAAAAAAARICEf\/EABYBAQEBAAAAAAAAAAAAAAAAAAACAf\/EABURAQEAAAAAAAAAAAAAAAAAAAAR\/9oADAMBAAIRAxEAPwDzoqMiohYelTaCtGnO1mmlXyuAwLHPoARU+gpL\/9k=');\" loading=\"eager\" fetchpriority=\"high\" aria-hidden=\"true\" class=\"svelte-1pnmlwx rounded\" onload=\"this.__e=event\" onerror=\"this.__e=event\"\/> \u00ab\u00a0Le Nouveau n\u00e9\u00a0\u00bb tableau de Georges de la Tour, chef d&rsquo;oeuvre du mus\u00e9e des beaux-arts de Rennes \u00a9 Maxppp &#8211; Olivier Boitet     <img decoding=\"async\" src=\"https:\/\/www.europesays.com\/fr\/wp-content\/uploads\/2025\/08\/400x400\" alt=\"\" style=\"--_image-preview:url('data:image\/jpeg;base64,\/9j\/2wBDACgcHiMeGSgjISMtKygwPGRBPDc3PHtYXUlkkYCZlo+AjIqgtObDoKrarYqMyP\/L2u71\/\/\/\/m8H\/\/\/\/6\/+b9\/\/j\/2wBDASstLTw1PHZBQXb4pYyl+Pj4+Pj4+Pj4+Pj4+Pj4+Pj4+Pj4+Pj4+Pj4+Pj4+Pj4+Pj4+Pj4+Pj4+Pj4+Pj4+Pj\/wAARCAAqACoDASIAAhEBAxEB\/8QAFwABAQEBAAAAAAAAAAAAAAAAAQACA\/\/EABcQAQEBAQAAAAAAAAAAAAAAAAABEQL\/xAAWAQEBAQAAAAAAAAAAAAAAAAABAAL\/xAAWEQEBAQAAAAAAAAAAAAAAAAAAARH\/2gAMAwEAAhEDEQA\/AOiSAiFItDWChUEOg0alVFotQoaWjRaNLNalajlHXlI4LG2ekXKs610wg\/\/Z');\" loading=\"lazy\" fetchpriority=\"low\" aria-hidden=\"true\" class=\"svelte-1pnmlwx fullRounded\" onload=\"this.__e=event\" onerror=\"this.__e=event\"\/> Lo\u00efck Guellec  <\/p>\n<p class=\"g-ici-body-regular-3 info svelte-1c4u67c\">Publi\u00e9 le mercredi 20 ao\u00fbt 2025 \u00e0 17:12 <\/p>\n<ul class=\"SocialNetworks svelte-bt5901\">\n<li class=\"svelte-bt5901\"><\/li>\n<li class=\"svelte-bt5901\"><\/li>\n<li class=\"svelte-bt5901\"><\/li>\n<li class=\"svelte-bt5901\"><\/li>\n<li class=\"svelte-bt5901\"><\/li>\n<\/ul>\n<p class=\"standfirst g-ici-body-bold-1 svelte-983d72\">\u00ab\u00a0Le Nouveau n\u00e9\u00a0\u00bb,\u00a0\u00a0tableau iconique de Georges de la Tour et chef d&rsquo;oeuvre du mus\u00e9e des beaux-arts de Rennes (Ille-et-Vilaine), va quitter la Bretagne pour le mus\u00e9e Jacquemart-Andr\u00e9 \u00e0 Paris o\u00f9 il va \u00eatre expos\u00e9 dans le cadre d&rsquo;une r\u00e9trospective du peintre du 17\u00e8 si\u00e8cle.<\/p>\n<p>C&rsquo;est l&rsquo;un des chefs d&rsquo;oeuvre du mus\u00e9e des beaux arts de Rennes, \u00ab\u00a0le Nouveau n\u00e9\u00a0\u00bb, tableau de Georges de la Tour va quitter la capitale bretonne pendant quelques semaines. Il va \u00eatre expos\u00e9 au mus\u00e9e Jacquemart-Andr\u00e9 \u00e0 Paris dans le cadre d&rsquo;une r\u00e9trospective du peintre du 17\u00e8 si\u00e8cle.\u00a0<strong>En contrepartie, le mus\u00e9e parisien va pr\u00eater au mus\u00e9e rennais un chef d&rsquo;oeuvre de Rembrandt<\/strong> \u00ab\u00a0les p\u00e8lerins d&rsquo;Emmaus\u00a0\u00bb. C&rsquo;est ce qu&rsquo;annonce le mus\u00e9e Rennais sur les r\u00e9seaux sociaux ce mercredi 20 ao\u00fbt 2025.<\/p>\n<p>Trois visites gratuites<\/p>\n<p>Avant le d\u00e9part du tableau de Georges de la Tour,\u00a0<a target=\"_blank\" rel=\"nofollow noopener noreferrer\" class=\"IciLink ici-link IciArticleLink g-ici-body-regular-1 underline brand svelte-lu7k6w\" href=\"https:\/\/www.instagram.com\/p\/DNlUFNlMsgf\/?igsh=MWNhZDlicWNjOHltdA%3D%3D\">trois visites exceptionnelles sont pr\u00e9vues au mus\u00e9e des beaux-arts de Rennes les 21 , 23 et 24 aout<\/a>.\u00a0<a target=\"_blank\" rel=\"nofollow noopener noreferrer\" class=\"IciLink ici-link IciArticleLink g-ici-body-regular-1 underline brand svelte-lu7k6w\" href=\"https:\/\/mba.rennes.fr\/fr\/programmation\/quai-zola\/georges-de-la-tour\">Un midi-flash est programm\u00e9 le 21 ao\u00fbt \u00e0 12h30<\/a>\u00a0et deux visites guid\u00e9es en compagnie du conservateur les 23 et 24 ao\u00fbt \u00e0 16h. Ces rendez-vous seront gratuits et se feront sans r\u00e9servations.<\/p>\n<ul class=\"SocialNetworks svelte-bt5901\">\n<li class=\"svelte-bt5901\"><\/li>\n<li class=\"svelte-bt5901\"><\/li>\n<li class=\"svelte-bt5901\"><\/li>\n<li class=\"svelte-bt5901\"><\/li>\n<li class=\"svelte-bt5901\"><\/li>\n<\/ul>\n<p>  <script async src=\"\/\/www.instagram.com\/embed.js\"><\/script><\/p>\n","protected":false},"excerpt":{"rendered":"\u00ab\u00a0Le Nouveau n\u00e9\u00a0\u00bb tableau de Georges de la Tour, chef d&rsquo;oeuvre du mus\u00e9e des beaux-arts de Rennes \u00a9&hellip;\n","protected":false},"author":2,"featured_media":331917,"comment_status":"","ping_status":"","sticky":false,"template":"","format":"standard","meta":{"footnotes":""},"categories":[2821],"tags":[1111,11,829,1777,674,1011,27,12,584,25],"class_list":{"0":"post-331916","1":"post","2":"type-post","3":"status-publish","4":"format-standard","5":"has-post-thumbnail","7":"category-rennes","8":"tag-actu","9":"tag-actualites","10":"tag-bretagne","11":"tag-eu","12":"tag-europe","13":"tag-fr","14":"tag-france","15":"tag-news","16":"tag-rennes","17":"tag-republique-francaise"},"share_on_mastodon":{"url":"https:\/\/pubeurope.com\/@fr\/115061926682792198","error":""},"_links":{"self":[{"href":"https:\/\/www.europesays.com\/fr\/wp-json\/wp\/v2\/posts\/331916","targetHints":{"allow":["GET"]}}],"collection":[{"href":"https:\/\/www.europesays.com\/fr\/wp-json\/wp\/v2\/posts"}],"about":[{"href":"https:\/\/www.europesays.com\/fr\/wp-json\/wp\/v2\/types\/post"}],"author":[{"embeddable":true,"href":"https:\/\/www.europesays.com\/fr\/wp-json\/wp\/v2\/users\/2"}],"replies":[{"embeddable":true,"href":"https:\/\/www.europesays.com\/fr\/wp-json\/wp\/v2\/comments?post=331916"}],"version-history":[{"count":0,"href":"https:\/\/www.europesays.com\/fr\/wp-json\/wp\/v2\/posts\/331916\/revisions"}],"wp:featuredmedia":[{"embeddable":true,"href":"https:\/\/www.europesays.com\/fr\/wp-json\/wp\/v2\/media\/331917"}],"wp:attachment":[{"href":"https:\/\/www.europesays.com\/fr\/wp-json\/wp\/v2\/media?parent=331916"}],"wp:term":[{"taxonomy":"category","embeddable":true,"href":"https:\/\/www.europesays.com\/fr\/wp-json\/wp\/v2\/categories?post=331916"},{"taxonomy":"post_tag","embeddable":true,"href":"https:\/\/www.europesays.com\/fr\/wp-json\/wp\/v2\/tags?post=331916"}],"curies":[{"name":"wp","href":"https:\/\/api.w.org\/{rel}","templated":true}]}}