{"id":331922,"date":"2025-08-20T16:02:18","date_gmt":"2025-08-20T16:02:18","guid":{"rendered":"https:\/\/www.europesays.com\/fr\/331922\/"},"modified":"2025-08-20T16:02:18","modified_gmt":"2025-08-20T16:02:18","slug":"pres-de-nice-plongez-dans-lintimite-creative-de-renoir-avec-le-domaine-des-collettes-a-cagnes-sur-mer","status":"publish","type":"post","link":"https:\/\/www.europesays.com\/fr\/331922\/","title":{"rendered":"pr\u00e8s de Nice, plongez dans l\u2019intimit\u00e9 cr\u00e9ative de Renoir avec le domaine des Collettes \u00e0 Cagnes-sur-Mer"},"content":{"rendered":"<p><a href=\"https:\/\/ville.cagnes.fr\/musee-renoir\/infos-pratiques-musee-renoir\/\" target=\"_blank\" rel=\" noreferrer noopener nofollow\"><img loading=\"lazy\" decoding=\"async\" width=\"630\" height=\"630\" src=\"data:image\/svg+xml,%3Csvg%20xmlns=\" http:=\"\" alt=\"\" class=\"wp-image-245695\" style=\"width:300px\" data-lazy-src=\"https:\/\/www.europesays.com\/fr\/wp-content\/uploads\/2025\/07\/NM-2025-300x300px--630x630.jpg\"\/><\/a><\/p>\n<p><strong>\u00c0 quelques pas du centre-ville, le Domaine des Collettes plonge les visiteurs dans un \u00e9crin hors du temps. Ici, parmi des oliviers aux troncs noueux et spectaculaires, Renoir passait les derni\u00e8res ann\u00e9es de sa vie. Transform\u00e9e en mus\u00e9e dans les ann\u00e9es 1960, la propri\u00e9t\u00e9 attire aujourd\u2019hui pr\u00e8s de 50.000 visiteurs par an, soit le site le plus fr\u00e9quent\u00e9 de Cagnes-sur-Mer.<\/strong><\/p>\n<p>\u00ab Ce mus\u00e9e, c\u2019est avant tout l\u2019ancienne propri\u00e9t\u00e9 de Pierre-Auguste Renoir \u00bb nous rappelle Emeric Pinkowicz, le conservateur des mus\u00e9es de Cagnes-sur-Mer. Le ma\u00eetre impressionniste s\u2019y installe en 1907, sur les conseils de ses m\u00e9decins, afin de soulager ses rhumatismes gr\u00e2ce au climat m\u00e9diterran\u00e9en.\u00a0<\/p>\n<p>Apr\u00e8s avoir v\u00e9cu un moment dans le village, il rach\u00e8te le vaste Domaine des Collettes, menac\u00e9 par un horticulteur qui voulait raser ses oliviers. Renoir, fascin\u00e9 par leur beaut\u00e9, d\u00e9cide de les pr\u00e9server\u2026 et de les peindre.<\/p>\n<p><img loading=\"lazy\" decoding=\"async\" width=\"1120\" height=\"630\" src=\"data:image\/svg+xml,%3Csvg%20xmlns=\" http:=\"\" alt=\"1 8\" class=\"wp-image-247506\" title=\"Silence, lumi\u00e8re, oliviers centenaires : pr\u00e8s de Nice, plongez dans l\u2019intimit\u00e9 cr\u00e9ative de Renoir avec le domaine des Collettes \u00e0 Cagnes-sur-Mer 1\" data-lazy- data-lazy- data-lazy-src=\"https:\/\/www.europesays.com\/fr\/wp-content\/uploads\/2025\/08\/1-8-1120x630.jpg\"\/>[\u00a9 Romain Boisaubert \/ Nice-Presse]<\/p>\n<p><img loading=\"lazy\" decoding=\"async\" width=\"1120\" height=\"630\" src=\"data:image\/svg+xml,%3Csvg%20xmlns=\" http:=\"\" alt=\"5 5\" class=\"wp-image-247500\" title=\"Silence, lumi\u00e8re, oliviers centenaires : pr\u00e8s de Nice, plongez dans l\u2019intimit\u00e9 cr\u00e9ative de Renoir avec le domaine des Collettes \u00e0 Cagnes-sur-Mer 2\" data-lazy- data-lazy- data-lazy-src=\"https:\/\/www.europesays.com\/fr\/wp-content\/uploads\/2025\/08\/5-5-1120x630.jpg\"\/>[\u00a9 Romain Boisaubert \/ Nice-Presse]<\/p>\n<p>La maison est construite en 1908, dans un style simple et lumineux. Renoir y installe son atelier, et y vit jusqu\u2019\u00e0 sa mort, en 1919.\u00a0<\/p>\n<p>La ferme attenante sera r\u00e9habilit\u00e9e plus tard. Aujourd\u2019hui, elle abrite des espaces d\u2019exposition, dont une salle d\u00e9di\u00e9e \u00e0 Jean Renoir, le fils cin\u00e9aste, o\u00f9 est notamment \u00e9voqu\u00e9 le tournage du film Le D\u00e9jeuner sur l\u2019herbe.<\/p>\n<p>Des oliviers vieux de plusieurs si\u00e8cles<\/p>\n<p>Plus que la demeure, ce sont les arbres qui impressionnent. Le domaine compte environ 150 oliviers, certains plant\u00e9s \u00e0 l\u2019\u00e9poque de Fran\u00e7ois Ier !<\/p>\n<p>\u00ab Ils sont multi-s\u00e9culaires, entretenus non pas pour la r\u00e9colte, mais pour leur beaut\u00e9 \u00bb souligne Emeric Pinkowicz. Taill\u00e9s \u00ab\u00a0en nuages\u00a0\u00bb, ils conf\u00e8rent au jardin une allure presque sculpturale. Le site est labellis\u00e9 bio, sans pesticides ni intrants, et les arbres sont \u00ab veill\u00e9s comme des poussins.\u00bb<\/p>\n<p><img loading=\"lazy\" decoding=\"async\" width=\"1120\" height=\"630\" src=\"data:image\/svg+xml,%3Csvg%20xmlns=\" http:=\"\" alt=\"6 3\" class=\"wp-image-247501\" title=\"Silence, lumi\u00e8re, oliviers centenaires : pr\u00e8s de Nice, plongez dans l\u2019intimit\u00e9 cr\u00e9ative de Renoir avec le domaine des Collettes \u00e0 Cagnes-sur-Mer 3\" data-lazy- data-lazy- data-lazy-src=\"https:\/\/www.europesays.com\/fr\/wp-content\/uploads\/2025\/08\/6-3-1120x630.jpg\"\/>[\u00a9 Romain Boisaubert \/ Nice-Presse]<\/p>\n<p><img loading=\"lazy\" decoding=\"async\" width=\"1120\" height=\"630\" src=\"data:image\/svg+xml,%3Csvg%20xmlns=\" http:=\"\" alt=\"3 8\" class=\"wp-image-247504\" title=\"Silence, lumi\u00e8re, oliviers centenaires : pr\u00e8s de Nice, plongez dans l\u2019intimit\u00e9 cr\u00e9ative de Renoir avec le domaine des Collettes \u00e0 Cagnes-sur-Mer 4\" data-lazy- data-lazy- data-lazy-src=\"https:\/\/www.europesays.com\/fr\/wp-content\/uploads\/2025\/08\/3-8-1120x630.jpg\"\/>[\u00a9 Romain Boisaubert \/ Nice-Presse]<\/p>\n<p>Dans les ann\u00e9es 1960, Claude Renoir, l\u2019un des fils du peintre, met la propri\u00e9t\u00e9 en vente. La Ville de Cagnes rach\u00e8te alors les deux hectares du domaine pour \u00e9viter toute promotion immobili\u00e8re.\u00a0<\/p>\n<p><a href=\"https:\/\/anneedelamer.nice.fr\/\" rel=\"nofollow noopener\" target=\"_blank\"><img loading=\"lazy\" decoding=\"async\" width=\"300\" height=\"300\" src=\"data:image\/svg+xml,%3Csvg%20xmlns=\" http:=\"\" alt=\"\" class=\"wp-image-235449\" data-lazy-src=\"https:\/\/www.europesays.com\/fr\/wp-content\/uploads\/2025\/04\/IMG_1416-2.png\"\/><\/a><\/p>\n<p>\u00ab C\u2019\u00e9tait un geste patrimonial fort, car la maison de Renoir est un symbole. Il suffit de voir : il y a l\u2019avenue Renoir, le lyc\u00e9e Renoir, la pharmacie Renoir\u2026 Ici, son nom est partout. \u00bb<\/p>\n<p>Rayonnement international<\/p>\n<blockquote class=\"instagram-media\" data-instgrm-permalink=\"https:\/\/www.instagram.com\/p\/DF8BunoM_zj\/?utm_source=ig_embed&amp;utm_campaign=loading\" data-instgrm-version=\"14\" style=\" background:#FFF; border:0; border-radius:3px; box-shadow:0 0 1px 0 rgba(0,0,0,0.5),0 1px 10px 0 rgba(0,0,0,0.15); margin: 1px; max-width:540px; min-width:326px; padding:0; width:99.375%; width:-webkit-calc(100% - 2px); width:calc(100% - 2px);\"\/>\n<p>Depuis, plusieurs campagnes de restauration ont permis de valoriser le site. La plus importante, en 2013, a transform\u00e9 le lieu en v\u00e9ritable mus\u00e9e moderne, dot\u00e9 d\u2019un espace d\u2019accueil et d\u2019une boutique.\u00a0<\/p>\n<p>Aujourd\u2019hui, les visiteurs peuvent d\u00e9couvrir la maison telle que l\u2019a connue le peintre, ses ateliers, ses principales oeuvres, ses objets personnels, mais aussi un parc pr\u00e9serv\u00e9, o\u00f9 demeure l\u2019\u00e2me des Collettes.<\/p>\n<p><img loading=\"lazy\" decoding=\"async\" width=\"1120\" height=\"630\" src=\"data:image\/svg+xml,%3Csvg%20xmlns=\" http:=\"\" alt=\"4 6\" class=\"wp-image-247502\" title=\"Silence, lumi\u00e8re, oliviers centenaires : pr\u00e8s de Nice, plongez dans l\u2019intimit\u00e9 cr\u00e9ative de Renoir avec le domaine des Collettes \u00e0 Cagnes-sur-Mer 5\" data-lazy- data-lazy- data-lazy-src=\"https:\/\/www.europesays.com\/fr\/wp-content\/uploads\/2025\/08\/4-6-1120x630.jpg\"\/>[\u00a9 Romain Boisaubert \/ Nice-Presse]<\/p>\n<p><img loading=\"lazy\" decoding=\"async\" width=\"1120\" height=\"630\" src=\"data:image\/svg+xml,%3Csvg%20xmlns=\" http:=\"\" alt=\"7 2\" class=\"wp-image-247503\" title=\"Silence, lumi\u00e8re, oliviers centenaires : pr\u00e8s de Nice, plongez dans l\u2019intimit\u00e9 cr\u00e9ative de Renoir avec le domaine des Collettes \u00e0 Cagnes-sur-Mer 6\" data-lazy- data-lazy- data-lazy-src=\"https:\/\/www.europesays.com\/fr\/wp-content\/uploads\/2025\/08\/7-2-1120x630.jpg\"\/>[\u00a9 Romain Boisaubert \/ Nice-Presse]<\/p>\n<p>Avec de 45 \u00e0 50.000 visiteurs annuels, le mus\u00e9e s\u2019impose comme la vitrine culturelle de la cit\u00e9. \u00ab Renoir est une figure universelle, il attire un public du monde entier. On re\u00e7oit de nombreux Japonais, Am\u00e9ricains, Allemands\u2026 \u00bb note le conservateur.\u00a0Une parenth\u00e8se hors du temps, o\u00f9 plane encore l\u2019esprit de l\u2019un des plus grands peintres impressionnistes.<\/p>\n<p>En savoir +<\/p>\n<ul class=\"wp-block-list\">\n<li>Adresse : chemin des Collettes \u2013 06800 Cagnes-sur-Mer<\/li>\n<li>Contact : +33 (0)4 93 20 61 07 \u2013 renoir@cagnes.fr<\/li>\n<li>De juin \u00e0 septembre : de 10h \u00e0 13h et de 14h \u00e0 18h (jardins ouverts de 10h \u00e0 18h).<\/li>\n<li>D\u2019octobre \u00e0 mars : de 10h \u00e0 12h et de 14h \u00e0 17h.<\/li>\n<li>D\u2019avril \u00e0 mai : de 10h \u00e0 12h et de 14h \u00e0 18h.<\/li>\n<li>Ferm\u00e9 le mardi et les 25\/12, 01\/01 et 01\/05.<\/li>\n<li>Adultes : 6 \u20ac.<\/li>\n<li>Moins de 26 ans et les cagnois : <strong>gratuit.<\/strong><\/li>\n<\/ul>\n<p>\t<script async src=\"\/\/www.instagram.com\/embed.js\"><\/script><\/p>\n","protected":false},"excerpt":{"rendered":"\u00c0 quelques pas du centre-ville, le Domaine des Collettes plonge les visiteurs dans un \u00e9crin hors du temps.&hellip;\n","protected":false},"author":2,"featured_media":331923,"comment_status":"","ping_status":"","sticky":false,"template":"","format":"standard","meta":{"footnotes":""},"categories":[2819],"tags":[1111,11,1777,674,1011,27,12,2401,882,25],"class_list":{"0":"post-331922","1":"post","2":"type-post","3":"status-publish","4":"format-standard","5":"has-post-thumbnail","7":"category-nice","8":"tag-actu","9":"tag-actualites","10":"tag-eu","11":"tag-europe","12":"tag-fr","13":"tag-france","14":"tag-news","15":"tag-nice","16":"tag-provence-alpes-cote-dazur","17":"tag-republique-francaise"},"share_on_mastodon":{"url":"https:\/\/pubeurope.com\/@fr\/115061938264802019","error":""},"_links":{"self":[{"href":"https:\/\/www.europesays.com\/fr\/wp-json\/wp\/v2\/posts\/331922","targetHints":{"allow":["GET"]}}],"collection":[{"href":"https:\/\/www.europesays.com\/fr\/wp-json\/wp\/v2\/posts"}],"about":[{"href":"https:\/\/www.europesays.com\/fr\/wp-json\/wp\/v2\/types\/post"}],"author":[{"embeddable":true,"href":"https:\/\/www.europesays.com\/fr\/wp-json\/wp\/v2\/users\/2"}],"replies":[{"embeddable":true,"href":"https:\/\/www.europesays.com\/fr\/wp-json\/wp\/v2\/comments?post=331922"}],"version-history":[{"count":0,"href":"https:\/\/www.europesays.com\/fr\/wp-json\/wp\/v2\/posts\/331922\/revisions"}],"wp:featuredmedia":[{"embeddable":true,"href":"https:\/\/www.europesays.com\/fr\/wp-json\/wp\/v2\/media\/331923"}],"wp:attachment":[{"href":"https:\/\/www.europesays.com\/fr\/wp-json\/wp\/v2\/media?parent=331922"}],"wp:term":[{"taxonomy":"category","embeddable":true,"href":"https:\/\/www.europesays.com\/fr\/wp-json\/wp\/v2\/categories?post=331922"},{"taxonomy":"post_tag","embeddable":true,"href":"https:\/\/www.europesays.com\/fr\/wp-json\/wp\/v2\/tags?post=331922"}],"curies":[{"name":"wp","href":"https:\/\/api.w.org\/{rel}","templated":true}]}}