{"id":331924,"date":"2025-08-20T16:03:11","date_gmt":"2025-08-20T16:03:11","guid":{"rendered":"https:\/\/www.europesays.com\/fr\/331924\/"},"modified":"2025-08-20T16:03:11","modified_gmt":"2025-08-20T16:03:11","slug":"fumee-noire-emanant-dun-hopital-a-nice-ce-quil-sest-passe","status":"publish","type":"post","link":"https:\/\/www.europesays.com\/fr\/331924\/","title":{"rendered":"Fum\u00e9e noire \u00e9manant d&rsquo;un h\u00f4pital \u00e0 Nice : ce qu&rsquo;il s&rsquo;est pass\u00e9"},"content":{"rendered":"<p class=\"article__intro\">Une fum\u00e9e noire s&rsquo;est \u00e9chapp\u00e9e de l&rsquo;H\u00f4pital de l&rsquo;Archet, \u00e0 Nice (Alpes-Maritimes), en d\u00e9but d&rsquo;apr\u00e8s-midi. Les pompiers, qui se sont rendus sur place, ont indiqu\u00e9 qu&rsquo;il ne s&rsquo;agissait pas d&rsquo;un incendie, mais de l&#8217;emballement d&rsquo;un groupe \u00e9lectrog\u00e8ne, qui a rapidement \u00e9t\u00e9 r\u00e9solu. <\/p>\n<p>\n      L\u2019actu des r\u00e9gions\n    <\/p>\n<p>\n      Chaque jour, un tour d\u2019horizon des principales infos de toutes les r\u00e9gions.\n    <\/p>\n<p>    France T\u00e9l\u00e9visions utilise votre adresse e-mail afin de vous envoyer la newsletter \u00ab\u00a0L\u2019actu des r\u00e9gions\u00a0\u00bb. Vous pouvez vous d\u00e9sinscrire \u00e0 tout moment via le lien en bas de cette newsletter. <a target=\"_blank\" href=\"https:\/\/www.francetelevisions.fr\/groupe\/confidentialite\/politique-de-confidentialite\/politique-de-confidentialite-de-france-televisions-6503\" rel=\"nofollow noopener\">Notre politique de confidentialit\u00e9<\/a><\/p>\n<p>Fausse alerte. Ce mercredi apr\u00e8s-midi, une fum\u00e9e noire provenant du toit de l&rsquo;h\u00f4pital de l&rsquo;Archet, \u00e0 Nice (Alpes-Maritimes) a fait craindre \u00e0 un incendie. Sur les r\u00e9seaux sociaux, des photos ont circul\u00e9, des habitants se questionnant sur l&rsquo;origine de la fum\u00e9e. <\/p>\n<p>Les pompiers ont \u00e9t\u00e9 appel\u00e9s et sont rapidement arriv\u00e9s sur place, mais il ne s&rsquo;agissait en r\u00e9alit\u00e9 pas d&rsquo;un feu. Les sapeurs-pompiers des Alpes-Maritimes ont indiqu\u00e9 que la fum\u00e9e \u00e9tait le r\u00e9sultat de l&#8217;emballement d&rsquo;un groupe \u00e9lectrog\u00e8ne, qui a \u00e9t\u00e9 mis en route \u00e0 la suite d&rsquo;une coupure de courant dans l&rsquo;\u00e9tablissement hospitalier. <\/p>\n<p>L&rsquo;intervention a mobilis\u00e9 26 sapeurs-pompiers et sept engins. <\/p>\n<p>Le fonctionnement du CHU n&rsquo;a pas \u00e9t\u00e9 impact\u00e9 et aucune perturbation majeure n&rsquo;a \u00e9t\u00e9 signal\u00e9e. Selon nos informations, l&rsquo;incident n&rsquo;a caus\u00e9 que l&rsquo;extinction d&rsquo;ordinateurs et d&rsquo;ascenseurs pendant quelques secondes. <\/p>\n","protected":false},"excerpt":{"rendered":"Une fum\u00e9e noire s&rsquo;est \u00e9chapp\u00e9e de l&rsquo;H\u00f4pital de l&rsquo;Archet, \u00e0 Nice (Alpes-Maritimes), en d\u00e9but d&rsquo;apr\u00e8s-midi. Les pompiers, qui&hellip;\n","protected":false},"author":2,"featured_media":331925,"comment_status":"","ping_status":"","sticky":false,"template":"","format":"standard","meta":{"footnotes":""},"categories":[2819],"tags":[1111,11,1777,674,1011,27,12,2401,882,25],"class_list":{"0":"post-331924","1":"post","2":"type-post","3":"status-publish","4":"format-standard","5":"has-post-thumbnail","7":"category-nice","8":"tag-actu","9":"tag-actualites","10":"tag-eu","11":"tag-europe","12":"tag-fr","13":"tag-france","14":"tag-news","15":"tag-nice","16":"tag-provence-alpes-cote-dazur","17":"tag-republique-francaise"},"share_on_mastodon":{"url":"https:\/\/pubeurope.com\/@fr\/115061942211195087","error":""},"_links":{"self":[{"href":"https:\/\/www.europesays.com\/fr\/wp-json\/wp\/v2\/posts\/331924","targetHints":{"allow":["GET"]}}],"collection":[{"href":"https:\/\/www.europesays.com\/fr\/wp-json\/wp\/v2\/posts"}],"about":[{"href":"https:\/\/www.europesays.com\/fr\/wp-json\/wp\/v2\/types\/post"}],"author":[{"embeddable":true,"href":"https:\/\/www.europesays.com\/fr\/wp-json\/wp\/v2\/users\/2"}],"replies":[{"embeddable":true,"href":"https:\/\/www.europesays.com\/fr\/wp-json\/wp\/v2\/comments?post=331924"}],"version-history":[{"count":0,"href":"https:\/\/www.europesays.com\/fr\/wp-json\/wp\/v2\/posts\/331924\/revisions"}],"wp:featuredmedia":[{"embeddable":true,"href":"https:\/\/www.europesays.com\/fr\/wp-json\/wp\/v2\/media\/331925"}],"wp:attachment":[{"href":"https:\/\/www.europesays.com\/fr\/wp-json\/wp\/v2\/media?parent=331924"}],"wp:term":[{"taxonomy":"category","embeddable":true,"href":"https:\/\/www.europesays.com\/fr\/wp-json\/wp\/v2\/categories?post=331924"},{"taxonomy":"post_tag","embeddable":true,"href":"https:\/\/www.europesays.com\/fr\/wp-json\/wp\/v2\/tags?post=331924"}],"curies":[{"name":"wp","href":"https:\/\/api.w.org\/{rel}","templated":true}]}}