{"id":331926,"date":"2025-08-20T16:04:15","date_gmt":"2025-08-20T16:04:15","guid":{"rendered":"https:\/\/www.europesays.com\/fr\/331926\/"},"modified":"2025-08-20T16:04:15","modified_gmt":"2025-08-20T16:04:15","slug":"une-operation-de-demoustication-prevue-dans-ce-quartier-tres-frequente-apres-un-cas-de-dengue","status":"publish","type":"post","link":"https:\/\/www.europesays.com\/fr\/331926\/","title":{"rendered":"une op\u00e9ration de d\u00e9moustication pr\u00e9vue dans ce quartier tr\u00e8s fr\u00e9quent\u00e9 apr\u00e8s un cas de dengue"},"content":{"rendered":"<p>            Par<br \/>\n        <strong><br \/>\n            <a href=\"https:\/\/actu.fr\/auteur\/thomas-bernard\" title=\"Consulter tous les articles de Thomas Bernard\" rel=\"nofollow noopener\" target=\"_blank\">Thomas Bernard<\/a><br \/>\n        <\/strong><\/p>\n<p>        Publi\u00e9 le<\/p>\n<p>            20 ao\u00fbt 2025 \u00e0 17h38        <\/p>\n<p>Une grosse op\u00e9ration de d\u00e9moustication va \u00eatre men\u00e9e sur l\u2019\u00eele de Nantes. \u00ab\u2009\u00c0 la suite de <strong>l\u2019infection au virus de la dengue confirm\u00e9e chez une personne<\/strong> revenant d\u2019un s\u00e9jour dans une zone o\u00f9 la maladie circule, l\u2019ARS Pays de la Loire organise une op\u00e9ration de traitement insecticide <strong>dans la nuit du jeudi\u00a021 au vendredi 22\u00a0ao\u00fbt 2025 \u00e0 Nantes\u2009\u00bb<\/strong>, indique l\u2019Agence r\u00e9gionale de sant\u00e9 dans un communiqu\u00e9 transmis \u00e0 <a href=\"https:\/\/actu.fr\/nantes\/\" rel=\"nofollow noopener\" target=\"_blank\">actu Nantes<\/a>.<\/p>\n<p>Le secteur concern\u00e9<\/p>\n<p class=\" wall-content\">L\u2019op\u00e9ration de lutte antivectorielle vise \u00e0 \u00e9liminer\u00a0les moustiques tigres adultes qui auraient pu \u00eatre contamin\u00e9s en piquant cette personne et \u00e9viter qu\u2019ils ne transmettent la<br \/>maladie \u00e0 d\u2019autres. L\u2019intervention se d\u00e9roulera <strong>du jeudi\u00a021 au vendredi 22\u00a0ao\u00fbt, entre 1h et 2h30<\/strong>.<\/p>\n<p>    <img   decoding=\"async\" loading=\"lazy\" src=\"https:\/\/www.europesays.com\/fr\/wp-content\/uploads\/2025\/08\/carte-demoustication-ile-de-nantes-960x640.png\" alt=\"Les rues concern\u00e9es par l'op\u00e9ration de d\u00e9moustication, pr\u00e9vue dans la nuit du jeudi 21 au vendredi 22 ao\u00fbt 2025.\" width=\"960\" height=\"640\"\/><br \/>\n    Les rues concern\u00e9es par l\u2019op\u00e9ration de d\u00e9moustication, pr\u00e9vue dans la nuit du jeudi\u00a021 au vendredi 22\u00a0ao\u00fbt 2025. (\u00a9Capture \u00e9cran \/ ARS Pays de la Loire)<\/p>\n<p class=\" wall-content\">Suite aux enqu\u00eates \u00e9pid\u00e9miologiques et entomologiques r\u00e9alis\u00e9es par l\u2019ARS, le traitement concernera <strong>les rues Nadine-Gordimer et Magdeleine ainsi que les cours int\u00e9rieures desservies<\/strong>, situ\u00e9es dans le quartier de l\u2019\u00eele de Nantes.<\/p>\n<p class=\" wall-content\">\u00ab\u00a0Le traitement est effectu\u00e9 de nuit, p\u00e9riode durant laquelle le moustique tigre est au<br \/>repos, afin de limiter l\u2019exposition des habitants au produit pulv\u00e9ris\u00e9, mais aussi de<br \/>r\u00e9duire l\u2019impact sur la biodiversit\u00e9, notamment les insectes pollinisateurs\u00a0\u00bb, rappelle l\u2019ARS.<\/p>\n<p>Les consignes \u00e0 respecter<\/p>\n<p class=\" wall-content\">L\u2019op\u00e9ration de d\u00e9moustication sera r\u00e9alis\u00e9e par Rentokil et Inovalys, deux op\u00e9rateurs mandat\u00e9s par l\u2019ARS Pays de la Loire.<\/p>\n<p>Votre r\u00e9gion, votre actu !<\/p>\n<p>Recevez chaque jour les infos qui comptent pour vous.<\/p>\n<p>\t<a href=\"https:\/\/actu.fr\/newsletter\" class=\"ac-btn ac-btn--corner ac-btn--medium ac-btn--blue800\" rel=\"nofollow noopener\" target=\"_blank\">S&rsquo;incrire<\/a><\/p>\n<p class=\" wall-content\">\u00ab\u00a0Le traitement sera r\u00e9alis\u00e9 par <strong>pulv\u00e9risation cibl\u00e9e<\/strong> autour du principal lieu fr\u00e9quent\u00e9<br \/>par la personne malade, dans le respect de la r\u00e9glementation, notamment vis-\u00e0-vis des<br \/>points d\u2019eau. Le produit utilis\u00e9 (Aqua K-Othrine) est un insecticide \u00e0 base de<br \/>pyr\u00e9thrino\u00efdes, autoris\u00e9 pour cet usage\u00a0\u00bb, pr\u00e9cise l\u2019instance sanitaire.<\/p>\n<p class=\" wall-content\">Les riverains concern\u00e9s devront <strong>respecter les consignes suivantes<\/strong>\u2009:<\/p>\n<ul class=\" wall-content\">\n<li>rester \u00e0 l\u2019int\u00e9rieur pendant l\u2019intervention pour \u00e9viter toute exposition au<br \/>nuage de pulv\u00e9risation\u2009;<\/li>\n<li>fermer portes et fen\u00eatres, couper la ventilation\u2009;<\/li>\n<li>rentrer les animaux domestiques et leurs gamelles\u2009;<\/li>\n<li>prot\u00e9ger les animaux aquatiques et \u00e0 sang froid\u2009;<\/li>\n<li>couvrir ou d\u00e9placer les ruches\u2009;<\/li>\n<li>couvrir piscines, bassins, bacs \u00e0 sable\u2009;<\/li>\n<li>rentrer le linge, mobilier de jardin, jouets ou les couvrir\u2009;<\/li>\n<li>apr\u00e8s l\u2019intervention\u2009: nettoyer les meubles de jardin, jeux d\u2019enfants, laver les fruits\/l\u00e9gumes du potager avant consommation.<\/li>\n<\/ul>\n<p class=\" wall-content\">Personnalisez votre actualit\u00e9 en ajoutant vos villes et m\u00e9dias en favori avec <a href=\"https:\/\/moncompte.actu.fr\" title=\"D\u00e9couvez Mon Actu\" rel=\"nofollow noopener\" data-trk=\"{&quot;cta&quot;:{&quot;action&quot;:&quot;https:\\\/\\\/moncompte.actu.fr&quot;,&quot;category&quot;:&quot;mon compte&quot;,&quot;from&quot;:&quot;article footer&quot;,&quot;name&quot;:&quot;Mon actu&quot;,&quot;type&quot;:&quot;cta&quot;}}\" target=\"_blank\">Mon Actu<\/a>.<\/p>\n","protected":false},"excerpt":{"rendered":"Par Thomas Bernard Publi\u00e9 le 20 ao\u00fbt 2025 \u00e0 17h38 Une grosse op\u00e9ration de d\u00e9moustication va \u00eatre men\u00e9e&hellip;\n","protected":false},"author":2,"featured_media":331911,"comment_status":"","ping_status":"","sticky":false,"template":"","format":"standard","meta":{"footnotes":""},"categories":[2818],"tags":[1111,11,1777,674,1011,27,2856,766,12,2636,25,104],"class_list":{"0":"post-331926","1":"post","2":"type-post","3":"status-publish","4":"format-standard","5":"has-post-thumbnail","7":"category-nantes","8":"tag-actu","9":"tag-actualites","10":"tag-eu","11":"tag-europe","12":"tag-fr","13":"tag-france","14":"tag-moustique-tigre","15":"tag-nantes","16":"tag-news","17":"tag-pays-de-la-loire","18":"tag-republique-francaise","19":"tag-societe"},"share_on_mastodon":{"url":"https:\/\/pubeurope.com\/@fr\/115061946106019912","error":""},"_links":{"self":[{"href":"https:\/\/www.europesays.com\/fr\/wp-json\/wp\/v2\/posts\/331926","targetHints":{"allow":["GET"]}}],"collection":[{"href":"https:\/\/www.europesays.com\/fr\/wp-json\/wp\/v2\/posts"}],"about":[{"href":"https:\/\/www.europesays.com\/fr\/wp-json\/wp\/v2\/types\/post"}],"author":[{"embeddable":true,"href":"https:\/\/www.europesays.com\/fr\/wp-json\/wp\/v2\/users\/2"}],"replies":[{"embeddable":true,"href":"https:\/\/www.europesays.com\/fr\/wp-json\/wp\/v2\/comments?post=331926"}],"version-history":[{"count":0,"href":"https:\/\/www.europesays.com\/fr\/wp-json\/wp\/v2\/posts\/331926\/revisions"}],"wp:featuredmedia":[{"embeddable":true,"href":"https:\/\/www.europesays.com\/fr\/wp-json\/wp\/v2\/media\/331911"}],"wp:attachment":[{"href":"https:\/\/www.europesays.com\/fr\/wp-json\/wp\/v2\/media?parent=331926"}],"wp:term":[{"taxonomy":"category","embeddable":true,"href":"https:\/\/www.europesays.com\/fr\/wp-json\/wp\/v2\/categories?post=331926"},{"taxonomy":"post_tag","embeddable":true,"href":"https:\/\/www.europesays.com\/fr\/wp-json\/wp\/v2\/tags?post=331926"}],"curies":[{"name":"wp","href":"https:\/\/api.w.org\/{rel}","templated":true}]}}