{"id":331927,"date":"2025-08-20T16:05:14","date_gmt":"2025-08-20T16:05:14","guid":{"rendered":"https:\/\/www.europesays.com\/fr\/331927\/"},"modified":"2025-08-20T16:05:14","modified_gmt":"2025-08-20T16:05:14","slug":"une-operation-de-demoustication-prevue-en-pleine-nuit-sur-lile-de-nantes","status":"publish","type":"post","link":"https:\/\/www.europesays.com\/fr\/331927\/","title":{"rendered":"Une op\u00e9ration de d\u00e9moustication pr\u00e9vue en pleine nuit sur l&rsquo;\u00eele de Nantes"},"content":{"rendered":"<p>Une op\u00e9ration de traitement insecticide est pr\u00e9vue dans la nuit du jeudi 21 au vendredi 22 ao\u00fbt dans un quartier de l&rsquo;\u00eele de Nantes. Il aurait \u00e9t\u00e9 fr\u00e9quent\u00e9 par une personne contamin\u00e9e par la dengue, apr\u00e8s avoir \u00e9t\u00e9 piqu\u00e9e par un moustique tigre. <\/p>\n<p>L&rsquo;ARS des Pays de la Loire organise <strong>une op\u00e9ration de d\u00e9moustication<\/strong> dans la nuit du\u00a0jeudi 21 au vendredi 22 ao\u00fbt 2025 sur l&rsquo;\u00eele de Nantes. Plus pr\u00e9cis\u00e9ment autour des rues Nadine Gordimer et Magdeleine, ainsi que dans les cours int\u00e9rieures des immeubles.<\/p>\n<p>Un cas de dengue recens\u00e9<\/p>\n<p><strong>Plusieurs enqu\u00eates men\u00e9es par l&rsquo;ARS<\/strong> ont permis de confirmer l&rsquo;apparition d&rsquo;un cas de dengue dans ce quartier. Une maladie transmise par les insectes, et qui peut provoquer de la fi\u00e8vre, des naus\u00e9es, \u00e9ruptions cutan\u00e9es ou encore des douleurs articulaires et musculaires. L&rsquo;op\u00e9ration est donc men\u00e9e pour \u00e9radiquer la pr\u00e9sence de moustiques tigre dans la zone concern\u00e9e, afin d&rsquo;\u00e9viter la propagation de la dengue.<\/p>\n<p>Les \u00e9quipes interviendront <strong>entre\u00a01h et 2h30 du matin<\/strong>. Selon l&rsquo;ARS, le traitement est r\u00e9alis\u00e9 de nuit afin de limiter l&rsquo;impact sur les habitants. Des pr\u00e9cautions sont \u00e0 prendre\u00a0:<\/p>\n<p>\u2022 Demeurer \u00e0 l\u2019int\u00e9rieur pendant l\u2019intervention pour \u00e9viter toute exposition au nuage de pulv\u00e9risation<\/p>\n<p>\u2022 Fermer portes et fen\u00eatres, couper la ventilation<\/p>\n<p>\u2022 Rentrer les animaux domestiques et leurs gamelles<\/p>\n<p>\u2022 Prot\u00e9ger les animaux aquatiques et \u00e0 sang froid<\/p>\n<p>\u2022 Couvrir ou d\u00e9placer les ruches<\/p>\n<p>\u2022 Couvrir piscines, bassins, bacs \u00e0 sable<\/p>\n<p>\u2022 Rentrer le linge, mobilier de jardin, jouets ou les couvrir<\/p>\n<p>\u2022 Apr\u00e8s l\u2019intervention\u00a0: nettoyer les meubles de jardin, jeux d\u2019enfants, laver les fruits\/l\u00e9gumes du potager avant consommation.<\/p>\n<p>Des flyers seront distribu\u00e9s <strong>dans tout le quartier<\/strong> pour rappeler les consignes.<\/p>\n","protected":false},"excerpt":{"rendered":"Une op\u00e9ration de traitement insecticide est pr\u00e9vue dans la nuit du jeudi 21 au vendredi 22 ao\u00fbt dans&hellip;\n","protected":false},"author":2,"featured_media":331928,"comment_status":"","ping_status":"","sticky":false,"template":"","format":"standard","meta":{"footnotes":""},"categories":[2818],"tags":[1111,11,1777,674,1011,27,766,12,2636,25],"class_list":{"0":"post-331927","1":"post","2":"type-post","3":"status-publish","4":"format-standard","5":"has-post-thumbnail","7":"category-nantes","8":"tag-actu","9":"tag-actualites","10":"tag-eu","11":"tag-europe","12":"tag-fr","13":"tag-france","14":"tag-nantes","15":"tag-news","16":"tag-pays-de-la-loire","17":"tag-republique-francaise"},"share_on_mastodon":{"url":"https:\/\/pubeurope.com\/@fr\/115061949985332043","error":""},"_links":{"self":[{"href":"https:\/\/www.europesays.com\/fr\/wp-json\/wp\/v2\/posts\/331927","targetHints":{"allow":["GET"]}}],"collection":[{"href":"https:\/\/www.europesays.com\/fr\/wp-json\/wp\/v2\/posts"}],"about":[{"href":"https:\/\/www.europesays.com\/fr\/wp-json\/wp\/v2\/types\/post"}],"author":[{"embeddable":true,"href":"https:\/\/www.europesays.com\/fr\/wp-json\/wp\/v2\/users\/2"}],"replies":[{"embeddable":true,"href":"https:\/\/www.europesays.com\/fr\/wp-json\/wp\/v2\/comments?post=331927"}],"version-history":[{"count":0,"href":"https:\/\/www.europesays.com\/fr\/wp-json\/wp\/v2\/posts\/331927\/revisions"}],"wp:featuredmedia":[{"embeddable":true,"href":"https:\/\/www.europesays.com\/fr\/wp-json\/wp\/v2\/media\/331928"}],"wp:attachment":[{"href":"https:\/\/www.europesays.com\/fr\/wp-json\/wp\/v2\/media?parent=331927"}],"wp:term":[{"taxonomy":"category","embeddable":true,"href":"https:\/\/www.europesays.com\/fr\/wp-json\/wp\/v2\/categories?post=331927"},{"taxonomy":"post_tag","embeddable":true,"href":"https:\/\/www.europesays.com\/fr\/wp-json\/wp\/v2\/tags?post=331927"}],"curies":[{"name":"wp","href":"https:\/\/api.w.org\/{rel}","templated":true}]}}