{"id":331929,"date":"2025-08-20T16:06:10","date_gmt":"2025-08-20T16:06:10","guid":{"rendered":"https:\/\/www.europesays.com\/fr\/331929\/"},"modified":"2025-08-20T16:06:10","modified_gmt":"2025-08-20T16:06:10","slug":"la-maison-un-spectacle-deambulatoire-qui-en-appelle-aux-fantomes-pres-de-bordeaux","status":"publish","type":"post","link":"https:\/\/www.europesays.com\/fr\/331929\/","title":{"rendered":"\u00ab\u00a0La Maison\u00a0\u00bb, un spectacle d\u00e9ambulatoire qui en appelle aux fant\u00f4mes, pr\u00e8s de Bordeaux"},"content":{"rendered":"<p>Caroline Melon et Camille Duvelleroy ont imagin\u00e9 une d\u00e9ambulation introspective\u00a0: \u00ab\u00a0La\u00a0Maison\u00a0\u00bb. Le lieu du spectacle n\u2019est su que la veille\u00a0: \u00e7a aiguise l\u2019app\u00e9tit. La porte pouss\u00e9e, une existence s\u2019offre \u00e0 nous. Celle de Marie-Claude, 89\u00a0ans. Elle a quitt\u00e9 les lieux, laissant derri\u00e8re elle son citronnier et un carnet de vie rempli de doutes, de bonheurs, de drames. \u00c0 la lecture de sa lettre, un visage se dessine, des sons, des odeurs r\u00e9veillent l\u2019imagination. Et rebelote, au fil des habitantes successives (Blanche, Azra, Jeanne\u2026). C\u2019est le tour de force de ce r\u00e9cit d\u00e9ambulatoire\u00a0: on pense par jeux de lumi\u00e8res, de senteurs, d\u2019\u00e9crits.<\/p>\n","protected":false},"excerpt":{"rendered":"Caroline Melon et Camille Duvelleroy ont imagin\u00e9 une d\u00e9ambulation introspective\u00a0: \u00ab\u00a0La\u00a0Maison\u00a0\u00bb. Le lieu du spectacle n\u2019est su que&hellip;\n","protected":false},"author":2,"featured_media":331930,"comment_status":"","ping_status":"","sticky":false,"template":"","format":"standard","meta":{"footnotes":""},"categories":[2817],"tags":[1111,11,1997,1777,674,1011,27,12,2219,25],"class_list":{"0":"post-331929","1":"post","2":"type-post","3":"status-publish","4":"format-standard","5":"has-post-thumbnail","7":"category-bordeaux","8":"tag-actu","9":"tag-actualites","10":"tag-bordeaux","11":"tag-eu","12":"tag-europe","13":"tag-fr","14":"tag-france","15":"tag-news","16":"tag-nouvelle-aquitaine","17":"tag-republique-francaise"},"share_on_mastodon":{"url":"https:\/\/pubeurope.com\/@fr\/115061953954932719","error":""},"_links":{"self":[{"href":"https:\/\/www.europesays.com\/fr\/wp-json\/wp\/v2\/posts\/331929","targetHints":{"allow":["GET"]}}],"collection":[{"href":"https:\/\/www.europesays.com\/fr\/wp-json\/wp\/v2\/posts"}],"about":[{"href":"https:\/\/www.europesays.com\/fr\/wp-json\/wp\/v2\/types\/post"}],"author":[{"embeddable":true,"href":"https:\/\/www.europesays.com\/fr\/wp-json\/wp\/v2\/users\/2"}],"replies":[{"embeddable":true,"href":"https:\/\/www.europesays.com\/fr\/wp-json\/wp\/v2\/comments?post=331929"}],"version-history":[{"count":0,"href":"https:\/\/www.europesays.com\/fr\/wp-json\/wp\/v2\/posts\/331929\/revisions"}],"wp:featuredmedia":[{"embeddable":true,"href":"https:\/\/www.europesays.com\/fr\/wp-json\/wp\/v2\/media\/331930"}],"wp:attachment":[{"href":"https:\/\/www.europesays.com\/fr\/wp-json\/wp\/v2\/media?parent=331929"}],"wp:term":[{"taxonomy":"category","embeddable":true,"href":"https:\/\/www.europesays.com\/fr\/wp-json\/wp\/v2\/categories?post=331929"},{"taxonomy":"post_tag","embeddable":true,"href":"https:\/\/www.europesays.com\/fr\/wp-json\/wp\/v2\/tags?post=331929"}],"curies":[{"name":"wp","href":"https:\/\/api.w.org\/{rel}","templated":true}]}}