{"id":331931,"date":"2025-08-20T16:07:14","date_gmt":"2025-08-20T16:07:14","guid":{"rendered":"https:\/\/www.europesays.com\/fr\/331931\/"},"modified":"2025-08-20T16:07:14","modified_gmt":"2025-08-20T16:07:14","slug":"la-compagnie-low-cost-wizz-air-debarque-a-bordeaux-avec-trois-lignes-directes","status":"publish","type":"post","link":"https:\/\/www.europesays.com\/fr\/331931\/","title":{"rendered":"La compagnie low-cost \u00ab\u00a0Wizz air\u00a0\u00bb d\u00e9barque \u00e0 Bordeaux avec trois lignes directes"},"content":{"rendered":"<p>La compagnie low-cost hongroise \u00ab\u00a0Wizz air\u00a0\u00bb annonce l&rsquo;ouverture de trois nouvelles lignes directes depuis l&rsquo;a\u00e9roport de Bordeaux. Des liaisons vers Rome, Venise et Bucarest \u00e0 partir de cet hiver.<\/p>\n<p>De nouvelles liaisons directes depuis l&rsquo;a\u00e9roport de Bordeaux\u00a0! La compagnie a\u00e9rienne low-cost hongroise \u00ab\u00a0Wizz air\u00a0\u00bb annonce, ce mercredi 20 ao\u00fbt, son arriv\u00e9e avec trois nouvelles lignes\u00a0vers Rome, Venise et Bucarest. Elles seront op\u00e9rationnelles d&rsquo;ici la fin de l&rsquo;ann\u00e9e.\u00a0Si les deux premi\u00e8res destinations \u00e9taient d\u00e9j\u00e0 desservies par d&rsquo;autres compagnies, c&rsquo;est une premi\u00e8re pour la capitale Roumaine.\u00a0Les vols sont d\u00e9j\u00e0 ouverts \u00e0 la r\u00e9servation.<\/p>\n<p>Renforcer la desserte de l&rsquo;est de l&rsquo;Europe<\/p>\n<p>Wizz air indique, dans son communiqu\u00e9, vouloir renforcer l&rsquo;offre a\u00e9rienne vers l&rsquo;Europe de l&rsquo;Est, \u00ab\u00a0un march\u00e9 \u00e0 fort potentiel pour notre territoire\u00a0\u00bb. Ces nouvelles liaisons se feront \u00e0 bord d&rsquo;Airbus A321 neo.<\/p>\n<p>Dans le d\u00e9tail pour ces trois nouvelles lignes\u00a0:<\/p>\n<ul>\n<li>Bucarest Otopeni\u00a0: liaisons les mercredis et dimanches, \u00e0 partir du 26 octobre 2025<\/li>\n<li>Rome Fiumicino\u00a0: liaisons les mardis, jeudis et samedis, \u00e0 partir du 28 octobre 2025<\/li>\n<li>Venise\u00a0: liaisons les mardis, jeudis et samedis, \u00e0 partir du 2 d\u00e9cembre 2025<\/li>\n<\/ul>\n","protected":false},"excerpt":{"rendered":"La compagnie low-cost hongroise \u00ab\u00a0Wizz air\u00a0\u00bb annonce l&rsquo;ouverture de trois nouvelles lignes directes depuis l&rsquo;a\u00e9roport de Bordeaux. Des&hellip;\n","protected":false},"author":2,"featured_media":331932,"comment_status":"","ping_status":"","sticky":false,"template":"","format":"standard","meta":{"footnotes":""},"categories":[2817],"tags":[1111,11,1997,1777,674,1011,27,12,2219,25],"class_list":{"0":"post-331931","1":"post","2":"type-post","3":"status-publish","4":"format-standard","5":"has-post-thumbnail","7":"category-bordeaux","8":"tag-actu","9":"tag-actualites","10":"tag-bordeaux","11":"tag-eu","12":"tag-europe","13":"tag-fr","14":"tag-france","15":"tag-news","16":"tag-nouvelle-aquitaine","17":"tag-republique-francaise"},"share_on_mastodon":{"url":"https:\/\/pubeurope.com\/@fr\/115061957973616799","error":""},"_links":{"self":[{"href":"https:\/\/www.europesays.com\/fr\/wp-json\/wp\/v2\/posts\/331931","targetHints":{"allow":["GET"]}}],"collection":[{"href":"https:\/\/www.europesays.com\/fr\/wp-json\/wp\/v2\/posts"}],"about":[{"href":"https:\/\/www.europesays.com\/fr\/wp-json\/wp\/v2\/types\/post"}],"author":[{"embeddable":true,"href":"https:\/\/www.europesays.com\/fr\/wp-json\/wp\/v2\/users\/2"}],"replies":[{"embeddable":true,"href":"https:\/\/www.europesays.com\/fr\/wp-json\/wp\/v2\/comments?post=331931"}],"version-history":[{"count":0,"href":"https:\/\/www.europesays.com\/fr\/wp-json\/wp\/v2\/posts\/331931\/revisions"}],"wp:featuredmedia":[{"embeddable":true,"href":"https:\/\/www.europesays.com\/fr\/wp-json\/wp\/v2\/media\/331932"}],"wp:attachment":[{"href":"https:\/\/www.europesays.com\/fr\/wp-json\/wp\/v2\/media?parent=331931"}],"wp:term":[{"taxonomy":"category","embeddable":true,"href":"https:\/\/www.europesays.com\/fr\/wp-json\/wp\/v2\/categories?post=331931"},{"taxonomy":"post_tag","embeddable":true,"href":"https:\/\/www.europesays.com\/fr\/wp-json\/wp\/v2\/tags?post=331931"}],"curies":[{"name":"wp","href":"https:\/\/api.w.org\/{rel}","templated":true}]}}