{"id":331933,"date":"2025-08-20T16:08:11","date_gmt":"2025-08-20T16:08:11","guid":{"rendered":"https:\/\/www.europesays.com\/fr\/331933\/"},"modified":"2025-08-20T16:08:11","modified_gmt":"2025-08-20T16:08:11","slug":"orage-a-toulouse-il-y-a-eu-une-petite-tempete-quand-lavenue-de-la-gloire-se-transforme-en-torrent","status":"publish","type":"post","link":"https:\/\/www.europesays.com\/fr\/331933\/","title":{"rendered":"Orage \u00e0 Toulouse\u00a0: \u00ab\u00a0Il y a eu une petite temp\u00eate\u00a0\u00bb, quand l\u2019avenue de la Gloire se transforme en torrent"},"content":{"rendered":"<p>\n                                                                    l&rsquo;essentiel<br \/>\n                                                                Apr\u00e8s les fortes chaleurs, un v\u00e9ritable d\u00e9luge s\u2019est abattu sur la Ville rose ce mercredi. L\u2019avenue de la Gloire s\u2019est transform\u00e9e en torrent en moins de dix minutes.\n                            <\/p>\n<p>Dans l\u2019apr\u00e8s-midi de ce jeudi 20\u00a0ao\u00fbt, les Toulousains ont \u00e9t\u00e9 pris par surprise\u00a0: l\u2019avenue de la Gloire s\u2019est transform\u00e9e en v\u00e9ritable lac, ses trottoirs \u00e9clabouss\u00e9s \u00e0 chaque passage de voiture. Une vid\u00e9o partag\u00e9e par le journaliste Guillaume Pannetier sur X montre l\u2019ampleur du ph\u00e9nom\u00e8ne.<\/p>\n<blockquote data-media-max-width=\"560\" data-class=\"twitter-tweet\">\n<p lang=\"fr\" dir=\"ltr\">?\ufe0f Forte pluie actuellement \u00e0 <a href=\"https:\/\/twitter.com\/hashtag\/Toulouse?src=hash&amp;ref_src=twsrc%5Etfw\" rel=\"nofollow noopener\" target=\"_blank\">#Toulouse<\/a>.<\/p>\n<p>\u2614\ufe0f De fortes pr\u00e9cipitations ont transform\u00e9 l\u2019avenue de la Gloire en torrent. Les images sont impressionnantes.<a href=\"https:\/\/twitter.com\/hashtag\/Occitanie?src=hash&amp;ref_src=twsrc%5Etfw\" rel=\"nofollow noopener\" target=\"_blank\">#Occitanie<\/a> <a href=\"https:\/\/twitter.com\/hashtag\/Meteo?src=hash&amp;ref_src=twsrc%5Etfw\" rel=\"nofollow noopener\" target=\"_blank\">#Meteo<\/a> <a href=\"https:\/\/twitter.com\/hashtag\/Pluie?src=hash&amp;ref_src=twsrc%5Etfw\" rel=\"nofollow noopener\" target=\"_blank\">#Pluie<\/a> <a href=\"https:\/\/twitter.com\/hashtag\/inondation?src=hash&amp;ref_src=twsrc%5Etfw\" rel=\"nofollow noopener\" target=\"_blank\">#inondation<\/a> <a href=\"https:\/\/t.co\/kohmyByrx4\" rel=\"nofollow\">pic.twitter.com\/kohmyByrx4<\/a><\/p>\n<p>\u2014 Guillaume Pannetier (@GuillaumePannet) <a href=\"https:\/\/twitter.com\/GuillaumePannet\/status\/1958163396391502057?ref_src=twsrc%5Etfw\" rel=\"nofollow noopener\" target=\"_blank\">August 20, 2025<\/a><\/p><\/blockquote>\n<p>Du c\u00f4t\u00e9 du boulevard Matabiau, voyageurs et promeneurs se sont pr\u00e9cipit\u00e9s \u00e0 l\u2019int\u00e9rieur de la gare. Sarah* \u00e9tait sur place au d\u00e9but de cet \u00e9pisode torrentiel\u00a0: \u00ab\u00a0D\u2019abord, il y a eu une petite temp\u00eate et puis la pluie est venue tr\u00e8s rapidement. L\u2019intensit\u00e9 de l\u2019averse m\u2019a fait perdre du temps et de l\u2019argent parce que ma voiture \u00e9tait gar\u00e9e sur le parking\u00a0\u00bb, t\u00e9moigne-t-elle.<\/p>\n<p>Un orage qui en a surpris mais aussi agac\u00e9 plus d\u2019un. Devant la gare, coups de klaxon et embouteillages ont rythm\u00e9 la circulation. \u00ab\u00a0On a vu\u00a0clairement que les automobilistes ont commenc\u00e9 \u00e0 s\u2019\u00e9nerver\u00a0\u00bb, ajoute Sarah.<\/p>\n<p>Blagnac aussi sous les eaux<\/p>\n<p>Pendant plusieurs minutes, les Toulousains ont pris leur mal en patience. Le secteur Odyssud Ritouret, \u00e0 Blagnac, a \u00e9galement \u00e9t\u00e9 durement touch\u00e9 par ces pluies torrentielles. Selon M\u00e9t\u00e9o-France, pr\u00e8s de 25\u00a0mm de pluie sont tomb\u00e9s en moins d\u2019une heure.<\/p>\n<p>Ce type d\u2019\u00e9pisode orageux s\u2019inscrit dans une tendance climatique observ\u00e9e ces derni\u00e8res ann\u00e9es dans la r\u00e9gion.<\/p>\n<p>                                                                                                                                                                                                        <script async src=\"https:\/\/platform.twitter.com\/widgets.js\" charset=\"utf-8\"><\/script><\/p>\n","protected":false},"excerpt":{"rendered":"l&rsquo;essentiel Apr\u00e8s les fortes chaleurs, un v\u00e9ritable d\u00e9luge s\u2019est abattu sur la Ville rose ce mercredi. L\u2019avenue de&hellip;\n","protected":false},"author":2,"featured_media":331934,"comment_status":"","ping_status":"","sticky":false,"template":"","format":"standard","meta":{"footnotes":""},"categories":[2816],"tags":[1111,11,1777,674,1011,27,12,2680,25,2312],"class_list":{"0":"post-331933","1":"post","2":"type-post","3":"status-publish","4":"format-standard","5":"has-post-thumbnail","7":"category-toulouse","8":"tag-actu","9":"tag-actualites","10":"tag-eu","11":"tag-europe","12":"tag-fr","13":"tag-france","14":"tag-news","15":"tag-occitanie","16":"tag-republique-francaise","17":"tag-toulouse"},"share_on_mastodon":{"url":"https:\/\/pubeurope.com\/@fr\/115061961896086703","error":""},"_links":{"self":[{"href":"https:\/\/www.europesays.com\/fr\/wp-json\/wp\/v2\/posts\/331933","targetHints":{"allow":["GET"]}}],"collection":[{"href":"https:\/\/www.europesays.com\/fr\/wp-json\/wp\/v2\/posts"}],"about":[{"href":"https:\/\/www.europesays.com\/fr\/wp-json\/wp\/v2\/types\/post"}],"author":[{"embeddable":true,"href":"https:\/\/www.europesays.com\/fr\/wp-json\/wp\/v2\/users\/2"}],"replies":[{"embeddable":true,"href":"https:\/\/www.europesays.com\/fr\/wp-json\/wp\/v2\/comments?post=331933"}],"version-history":[{"count":0,"href":"https:\/\/www.europesays.com\/fr\/wp-json\/wp\/v2\/posts\/331933\/revisions"}],"wp:featuredmedia":[{"embeddable":true,"href":"https:\/\/www.europesays.com\/fr\/wp-json\/wp\/v2\/media\/331934"}],"wp:attachment":[{"href":"https:\/\/www.europesays.com\/fr\/wp-json\/wp\/v2\/media?parent=331933"}],"wp:term":[{"taxonomy":"category","embeddable":true,"href":"https:\/\/www.europesays.com\/fr\/wp-json\/wp\/v2\/categories?post=331933"},{"taxonomy":"post_tag","embeddable":true,"href":"https:\/\/www.europesays.com\/fr\/wp-json\/wp\/v2\/tags?post=331933"}],"curies":[{"name":"wp","href":"https:\/\/api.w.org\/{rel}","templated":true}]}}