{"id":331935,"date":"2025-08-20T16:09:26","date_gmt":"2025-08-20T16:09:26","guid":{"rendered":"https:\/\/www.europesays.com\/fr\/331935\/"},"modified":"2025-08-20T16:09:26","modified_gmt":"2025-08-20T16:09:26","slug":"les-urgences-du-chu-de-toulouse-sous-haute-tension-cet-ete","status":"publish","type":"post","link":"https:\/\/www.europesays.com\/fr\/331935\/","title":{"rendered":"les urgences du CHU de Toulouse sous haute tension cet \u00e9t\u00e9"},"content":{"rendered":"<p>            Par<br \/>\n        <strong><br \/>\n            <a href=\"https:\/\/actu.fr\/auteur\/enzo-legros\" title=\"Consulter tous les articles de Enzo Legros\" rel=\"nofollow noopener\" target=\"_blank\">Enzo Legros<\/a><br \/>\n        <\/strong><\/p>\n<p>        Publi\u00e9 le<\/p>\n<p>            20 ao\u00fbt 2025 \u00e0 17h47        <\/p>\n<p>Dans les couloirs <a href=\"https:\/\/actu.fr\/tag\/chu-de-toulouse\" rel=\"nofollow noopener\" target=\"_blank\">du CHU de Toulouse<\/a>, les membres du personnel m\u00e9dical rattach\u00e9s aux urgences sont loin de vivre un \u00e9t\u00e9 tranquille. Bien qu\u2019ils soient habitu\u00e9s \u00e0 travailler au rythme effr\u00e9n\u00e9 de leur m\u00e9tier jour et nuit, toute l\u2019ann\u00e9e, <strong>la tension reste palpable aux admissions <\/strong>cet \u00e9t\u00e9 2025. Apr\u00e8s une premi\u00e8re vague de chaleur d\u00e9but juillet, Toulouse a entam\u00e9 le mois d\u2019ao\u00fbt avec <a href=\"https:\/\/actu.fr\/occitanie\/toulouse_31555\/toulouse-pourquoi-cette-canicule-a-ete-l-un-des-episodes-meteo-les-plus-extremes-depuis-100-ans_63046935.html#:~:text=Le%20record%20de%20temp%C3%A9rature%20n,datent%20en%20effet%20de%202023.\" rel=\"nofollow noopener\" target=\"_blank\">une canicule historique<\/a>, cause de nombreux maux dans la ville et au-del\u00e0 de ses fronti\u00e8res. Le professeur Sandrine Charpentier, cheffe des urgences de Purpan-Rangueil, partage \u00e0 Actu Toulouse les coulisses de cet \u00e9t\u00e9 douloureux pour son service.<\/p>\n<p>La canicule a rempli<\/p>\n<p class=\" wall-content\">\u00ab\u2009Rien que sur le mois de juillet, nous avons <strong>une hausse de 10\u2009% aux urgences<\/strong> par rapport \u00e0 l\u2019ann\u00e9e derni\u00e8re\u2009\u00bb, chiffre la responsable du p\u00f4le de secours. D\u00e9j\u00e0 en 2024, l\u2019\u00e9t\u00e9 avait \u00e9t\u00e9 moins extr\u00eame mais tout de m\u00eame tr\u00e8s difficile sur le plan sanitaire dans la r\u00e9gion. Selon Sant\u00e9 publique France, 1\u2009200 accueils en urgence li\u00e9s \u00e0 la chaleur avaient eu lieu de juin \u00e0 septembre en Occitanie, pour 8 morts <a href=\"https:\/\/actu.fr\/occitanie\/haute-garonne_31\" rel=\"nofollow noopener\" target=\"_blank\">en Haute-Garonne<\/a>.<\/p>\n<p class=\" wall-content\">Avec la longue canicule d\u2019ao\u00fbt\u00a02025, <strong>les chiffres risquent de gonfler<\/strong> \u00e0 la fin de l\u2019ann\u00e9e. Pour l\u2019instant, les admissions ont clairement augment\u00e9 depuis le 1er\u00a0juillet sur les sites de <a href=\"https:\/\/actu.fr\/occitanie\/toulouse_31555\/video-a-toulouse-depuis-20-ans-cette-immense-maison-heberge-les-familles-d-enfants-hospitalises_62757460.html\" rel=\"nofollow noopener\" target=\"_blank\">Purpan<\/a> et Rangueil. \u00ab\u2009Lorsqu\u2019une canicule d\u00e9marre, les plus fragiles arrivent aux urgences au bout du troisi\u00e8me jour\u2009\u00bb, sait d\u2019exp\u00e9rience Sandrine Charpentier, aux commandes des urgences depuis 2017.<\/p>\n<p>Les locaux satur\u00e9s<\/p>\n<p class=\" wall-content\">La semaine de l\u2019\u00e9pisode caniculaire, le nombre d\u2019entr\u00e9es a atteint <strong>450 admissions par jour<\/strong> au p\u00f4le adultes. \u00ab\u2009Le service de Purpan-Rangueil est dimensionn\u00e9 pour accueillir 280 \u00e0 380 personnes\u2009\u00bb, soupire la responsable. Au-del\u00e0 de ce seuil, les urgences entrent en saturation et les conditions d\u2019attente peuvent devenir tr\u00e8s difficiles pour les patients.<\/p>\n<p>Vid\u00e9os : en ce moment sur Actu<\/p>\n<p class=\" wall-content\">Cette ann\u00e9e, le sort s\u2019acharne sur le service de secours qui a d\u00fb tenir <a href=\"https:\/\/actu.fr\/occitanie\/toulouse_31555\/grippe-le-chu-de-toulouse-active-son-plan-blanc-le-pic-epidemique-pas-encore-atteint_62097666.html\" rel=\"nofollow noopener\" target=\"_blank\">pendant l\u2019\u00e9pid\u00e9mie de grippe au d\u00e9but de l\u2019ann\u00e9e<\/a>. Et cet \u00e9t\u00e9, la chaleur ne suffit pas \u00e0 justifier l\u2019explosion de la demande. Un autre ph\u00e9nom\u00e8ne alarmant touche la Ville Rose.<\/p>\n<p>Les accidents de la route p\u00e8sent lourd<\/p>\n<p class=\" wall-content\">D\u2019apr\u00e8s le professeur Sandrine Charpentier, la saturation de son service n\u2019est pas uniquement caus\u00e9e par les cons\u00e9quences de la canicule. \u00ab\u2009Il y a \u00e9norm\u00e9ment d\u2019accidents de la route\u2009\u00bb, d\u00e9plore-t-elle. Sur le mois de juillet\u00a02025, le nombre d\u2019accidents en Haute-Garonne est exactement le m\u00eame qu\u2019en 2024 au m\u00eame stade, \u00e0 savoir 50 accidents<strong>.<\/strong><\/p>\n<p>Votre r\u00e9gion, votre actu !<\/p>\n<p>Recevez chaque jour les infos qui comptent pour vous.<\/p>\n<p>\t<a href=\"https:\/\/actu.fr\/newsletter\" class=\"ac-btn ac-btn--corner ac-btn--medium ac-btn--blue800\" rel=\"nofollow noopener\" target=\"_blank\">S&rsquo;incrire<\/a><\/p>\n<p class=\" wall-content\">En revanche, la gravit\u00e9 de ces derniers est multipli\u00e9 cette ann\u00e9e, avec <strong>dix d\u00e9c\u00e8s<\/strong>\u00a0recens\u00e9s dans le d\u00e9partement en juillet, soit <strong>six de plus qu\u2019en 2024<\/strong>.<\/p>\n<p class=\" wall-content\">Depuis le d\u00e9but de l\u2019ann\u00e9e, l\u2019accidentalit\u00e9 est encore plus marqu\u00e9e sur les routes de Toulouse et ses alentours\u2009: <strong>346 accidents, 37 morts et 441 bless\u00e9s<\/strong> ont \u00e9t\u00e9 recens\u00e9s depuis le 1er janvier 2025 en Haute-Garonne. \u00ab\u00a0L\u2019\u00e9t\u00e9 on a envie de faire la f\u00eate, mais il faut faire attention et ne pas oublier de penser \u00e0 soi\u00a0\u00bb, rappelle Sandrine Charpentier, pour terminer.\u00a0<\/p>\n<p class=\" wall-content\">Personnalisez votre actualit\u00e9 en ajoutant vos villes et m\u00e9dias en favori avec <a href=\"https:\/\/moncompte.actu.fr\" title=\"D\u00e9couvez Mon Actu\" rel=\"nofollow noopener\" data-trk=\"{&quot;cta&quot;:{&quot;action&quot;:&quot;https:\\\/\\\/moncompte.actu.fr&quot;,&quot;category&quot;:&quot;mon compte&quot;,&quot;from&quot;:&quot;article footer&quot;,&quot;name&quot;:&quot;Mon actu&quot;,&quot;type&quot;:&quot;cta&quot;}}\" target=\"_blank\">Mon Actu<\/a>.<\/p>\n","protected":false},"excerpt":{"rendered":"Par Enzo Legros Publi\u00e9 le 20 ao\u00fbt 2025 \u00e0 17h47 Dans les couloirs du CHU de Toulouse, les&hellip;\n","protected":false},"author":2,"featured_media":331936,"comment_status":"","ping_status":"","sticky":false,"template":"","format":"standard","meta":{"footnotes":""},"categories":[2816],"tags":[1111,11,2630,1777,674,1011,27,12,2680,25,71,104,2312,6444],"class_list":{"0":"post-331935","1":"post","2":"type-post","3":"status-publish","4":"format-standard","5":"has-post-thumbnail","7":"category-toulouse","8":"tag-actu","9":"tag-actualites","10":"tag-chu-de-toulouse","11":"tag-eu","12":"tag-europe","13":"tag-fr","14":"tag-france","15":"tag-news","16":"tag-occitanie","17":"tag-republique-francaise","18":"tag-sante","19":"tag-societe","20":"tag-toulouse","21":"tag-urgences"},"share_on_mastodon":{"url":"https:\/\/pubeurope.com\/@fr\/115061965786140696","error":""},"_links":{"self":[{"href":"https:\/\/www.europesays.com\/fr\/wp-json\/wp\/v2\/posts\/331935","targetHints":{"allow":["GET"]}}],"collection":[{"href":"https:\/\/www.europesays.com\/fr\/wp-json\/wp\/v2\/posts"}],"about":[{"href":"https:\/\/www.europesays.com\/fr\/wp-json\/wp\/v2\/types\/post"}],"author":[{"embeddable":true,"href":"https:\/\/www.europesays.com\/fr\/wp-json\/wp\/v2\/users\/2"}],"replies":[{"embeddable":true,"href":"https:\/\/www.europesays.com\/fr\/wp-json\/wp\/v2\/comments?post=331935"}],"version-history":[{"count":0,"href":"https:\/\/www.europesays.com\/fr\/wp-json\/wp\/v2\/posts\/331935\/revisions"}],"wp:featuredmedia":[{"embeddable":true,"href":"https:\/\/www.europesays.com\/fr\/wp-json\/wp\/v2\/media\/331936"}],"wp:attachment":[{"href":"https:\/\/www.europesays.com\/fr\/wp-json\/wp\/v2\/media?parent=331935"}],"wp:term":[{"taxonomy":"category","embeddable":true,"href":"https:\/\/www.europesays.com\/fr\/wp-json\/wp\/v2\/categories?post=331935"},{"taxonomy":"post_tag","embeddable":true,"href":"https:\/\/www.europesays.com\/fr\/wp-json\/wp\/v2\/tags?post=331935"}],"curies":[{"name":"wp","href":"https:\/\/api.w.org\/{rel}","templated":true}]}}