{"id":331937,"date":"2025-08-20T16:10:13","date_gmt":"2025-08-20T16:10:13","guid":{"rendered":"https:\/\/www.europesays.com\/fr\/331937\/"},"modified":"2025-08-20T16:10:13","modified_gmt":"2025-08-20T16:10:13","slug":"un-sejour-pour-defendre-le-droit-detre-des-enfants","status":"publish","type":"post","link":"https:\/\/www.europesays.com\/fr\/331937\/","title":{"rendered":"un s\u00e9jour pour d\u00e9fendre \u00ab le droit d\u2019\u00eatre des enfants \u00bb"},"content":{"rendered":"<p>            Par<br \/>\n        <strong><br \/>\n            <a href=\"https:\/\/actu.fr\/auteur\/redaction-lille\" title=\"Consulter tous les articles de R\u00e9daction Lille\" target=\"_blank\" rel=\"noopener\">R\u00e9daction Lille<\/a><br \/>\n        <\/strong><\/p>\n<p>        Publi\u00e9 le<\/p>\n<p>            20 ao\u00fbt 2025 \u00e0 18h00        <\/p>\n<p>\u00c0 <a href=\"https:\/\/actu.fr\/tag\/lille\" target=\"_blank\" rel=\"noopener\">Lille<\/a> (Nord), une quarantaine d\u2019enfants ukrainiens,<b> \u00e2g\u00e9s de 10 \u00e0 14 ans<\/b>, attendent tranquillement dans l\u2019herbe, jetant des coups d\u2019\u0153il aux boissons et petites viennoiseries en train d\u2019\u00eatre pr\u00e9par\u00e9es sur la table d\u2019\u00e0 c\u00f4t\u00e9. Mais d\u2019abord, c\u2019est le temps des discours. Charlotte Brun, premi\u00e8re adjointe au maire, Martine Aubry, des repr\u00e9sentants de clubs sportifs ainsi que le sous-pr\u00e9fet du Nord, \u00e9taient pr\u00e9sents pour accueillir les enfants. <b>Originaires de Kharkiv, ville jumel\u00e9e avec Lille, <\/b>ils sont arriv\u00e9s avec six accompagnateurs. \u00ab\u2009Ces s\u00e9jours de r\u00e9pit leur permettent de souffler, de retrouver un peu de l\u00e9g\u00e8ret\u00e9 et d\u2019insouciance\u2009\u00bb, souligne Charlotte Brun. L\u2019\u00e9lue insiste\u2009: il s\u2019agit avant tout de d\u00e9fendre<b> \u00ab\u2009le droit d\u2019\u00eatre des enfants\u2009\u00bb<\/b>.<\/p>\n<p>Un \u00ab\u2009s\u00e9jour de r\u00e9pit\u2009\u00bb \u00e0 Lille<\/p>\n<p class=\" wall-content\">La ville ukrainienne de Kharkiv est jumel\u00e9e \u00e0 Lille depuis 1978. <b>C\u2019est la 4e fois que la ville organise ces \u00ab\u2009s\u00e9jours de r\u00e9pit\u2009\u00bb<\/b> d\u2019une quinzaine de jours loin des combats. Chaque s\u00e9jour a un th\u00e8me\u2009: nature, apprentissage du fran\u00e7ais\u2026 Cette fois-ci c\u2019est le sport.<b> <\/b><\/p>\n<p class=\" wall-content\">En effet, <b>les quarante enfants sont issus de clubs sportifs de Kharkiv, <\/b>notamment celui de basket. Trois associations locales participent \u00e0 ce moment de paix pour les petits. Lille Basket, l\u2019Entente Sportive La Labeuvri\u00e8re, et l\u2019association La De\u00fble.<\/p>\n<p class=\" wall-content\">Au programme\u2009: <b>activit\u00e9s nautiques, basket, et surtout du calme<\/b>. \u00ab\u2009Ce sont des enfants qui vivent confin\u00e9s\u2009\u00bb, rappelle Charlotte Brun, \u00ab\u2009Nous essayons de leur rendre ce droit d\u2019\u00eatre des enfants, de pouvoir jouer dehors, se d\u00e9tendre, profiter du calme.\u2009\u00bb Les jeunes sont arriv\u00e9s le 15\u00a0ao\u00fbt, apr\u00e8s deux jours de bus \u00e0 travers l\u2019Europe pour arriver jusqu\u2019ici.<\/p>\n<p class=\" wall-content\"><b>Oleksii Ponikarovski,<\/b> directeur de la coop\u00e9ration internationale de Kharkiv, prend aussi la parole dans un fran\u00e7ais impeccable, remerciant la ville de Lille pour cette initiative. \u00ab\u2009Il est compliqu\u00e9 pour moi de dire ce que je ressens en fran\u00e7ais\u2026 m\u00eame en ukrainien j\u2019aurais du mal\u2009\u00bb, plaisante-t-il.<\/p>\n<p class=\" wall-content\">Il semble soulag\u00e9 cependant de sortir ces enfants de l\u2019atmosph\u00e8re anxiog\u00e8ne de la guerre. \u00ab\u2009On ne sait jamais quand \u00e7a peut arriver\u2026\u2009\u00bb Se d\u00e9sole-t-il d\u2019une petite voix. Mais Oleksii appr\u00e9cie la possibilit\u00e9 qu\u2019ont ces enfants de retrouver le sourire. \u00ab\u2009L\u2019objectif est de les remettre dans leur milieu naturel, leur rendre l\u2019insouciance. Ils ont leur enfance vol\u00e9e, viol\u00e9e par la guerre\u2009\u00bb.<br \/>En plus de ces s\u00e9jours, Charlotte Brun annonce <b>l\u2019envoi de 400 kits scolaires \u00e0 Kharkiv, pour l\u2019\u00e9cole d\u00e9plac\u00e9e dans les souterrains de la ville.<\/b> \u00ab\u2009Nous voulons envoyer un peu de Lille dans les cartables des enfants ukrainiens\u2009\u00bb, esp\u00e8re la 1ere adjointe.<\/p>\n<p>\u00ab\u00a0Les voir retrouver le sourire m\u2019aide \u00e0 me d\u00e9connecter \u00ab\u00a0<\/p>\n<p class=\" wall-content\">D\u00e8s les discours termin\u00e9s, les enfants ukrainiens se mettent \u00e0 courir vers les boissons.Tous souriants, bougeant sans cesse, courant les uns apr\u00e8s les autres.. Anastasia, coach de basket de 20 ans et joueuse professionnelle du club de Kharkiv les regarde avec joie. \u00ab\u2009Nous avons tous \u00e9t\u00e9 surpris par l\u2019accueil tr\u00e8s chaleureux qui nous a \u00e9t\u00e9 donn\u00e9\u2009\u00bb, avoue-t-elle. Si les enfants r\u00e9ussissent \u00e0 se d\u00e9connecter des r\u00e9alit\u00e9s de la guerre pendant leur s\u00e9jour, l\u2019actualit\u00e9 n\u2019est jamais tr\u00e8s loin.<\/p>\n<p>Votre r\u00e9gion, votre actu !<\/p>\n<p>Recevez chaque jour les infos qui comptent pour vous.<\/p>\n<p>\t<a href=\"https:\/\/actu.fr\/newsletter\" class=\"ac-btn ac-btn--corner ac-btn--medium ac-btn--blue800\" target=\"_blank\" rel=\"noopener\">S&rsquo;incrire<\/a><\/p>\n<p class=\" wall-content\">Pour Anastasia aussi, la d\u00e9connexion est complexe et particuli\u00e8re. \u00ab\u2009Je me d\u00e9tache en les voyant sourire et \u00eatre heureux\u2009\u00bb.<\/p>\n<p class=\" wall-content\">Rapidement, elle ram\u00e8ne l\u2019un des enfants, nomm\u00e9 Damir. Ce dernier ne tarit pas d\u2019\u00e9loge pour le cuisinier de Phalempin, o\u00f9 ils sont log\u00e9s. \u00ab\u2009Le silence, le calme \u00e7a soulage\u2009\u00bb, souffle-t-il un peu apr\u00e8s. Les dix prochains jours seront marqu\u00e9s par de nombreuses activit\u00e9s sportives, allant du paddle au football en passant par du p\u00e9dalo.\u00a0<\/p>\n<p class=\" wall-content\"><b>Dimitri Petit<\/b><\/p>\n<p class=\" wall-content\">Personnalisez votre actualit\u00e9 en ajoutant vos villes et m\u00e9dias en favori avec <a href=\"https:\/\/moncompte.actu.fr\" title=\"D\u00e9couvez Mon Actu\" rel=\"nofollow noopener\" data-trk=\"{&quot;cta&quot;:{&quot;action&quot;:&quot;https:\\\/\\\/moncompte.actu.fr&quot;,&quot;category&quot;:&quot;mon compte&quot;,&quot;from&quot;:&quot;article footer&quot;,&quot;name&quot;:&quot;Mon actu&quot;,&quot;type&quot;:&quot;cta&quot;}}\" target=\"_blank\">Mon Actu<\/a>.<\/p>\n","protected":false},"excerpt":{"rendered":"Par R\u00e9daction Lille Publi\u00e9 le 20 ao\u00fbt 2025 \u00e0 18h00 \u00c0 Lille (Nord), une quarantaine d\u2019enfants ukrainiens, \u00e2g\u00e9s&hellip;\n","protected":false},"author":2,"featured_media":331938,"comment_status":"","ping_status":"","sticky":false,"template":"","format":"standard","meta":{"footnotes":""},"categories":[2815],"tags":[1111,11,1719,1777,674,1011,27,131,811,1307,12,25,104],"class_list":{"0":"post-331937","1":"post","2":"type-post","3":"status-publish","4":"format-standard","5":"has-post-thumbnail","7":"category-lille","8":"tag-actu","9":"tag-actualites","10":"tag-enfants","11":"tag-eu","12":"tag-europe","13":"tag-fr","14":"tag-france","15":"tag-guerre-en-ukraine","16":"tag-hauts-de-france","17":"tag-lille","18":"tag-news","19":"tag-republique-francaise","20":"tag-societe"},"share_on_mastodon":{"url":"https:\/\/pubeurope.com\/@fr\/115061969839347094","error":""},"_links":{"self":[{"href":"https:\/\/www.europesays.com\/fr\/wp-json\/wp\/v2\/posts\/331937","targetHints":{"allow":["GET"]}}],"collection":[{"href":"https:\/\/www.europesays.com\/fr\/wp-json\/wp\/v2\/posts"}],"about":[{"href":"https:\/\/www.europesays.com\/fr\/wp-json\/wp\/v2\/types\/post"}],"author":[{"embeddable":true,"href":"https:\/\/www.europesays.com\/fr\/wp-json\/wp\/v2\/users\/2"}],"replies":[{"embeddable":true,"href":"https:\/\/www.europesays.com\/fr\/wp-json\/wp\/v2\/comments?post=331937"}],"version-history":[{"count":0,"href":"https:\/\/www.europesays.com\/fr\/wp-json\/wp\/v2\/posts\/331937\/revisions"}],"wp:featuredmedia":[{"embeddable":true,"href":"https:\/\/www.europesays.com\/fr\/wp-json\/wp\/v2\/media\/331938"}],"wp:attachment":[{"href":"https:\/\/www.europesays.com\/fr\/wp-json\/wp\/v2\/media?parent=331937"}],"wp:term":[{"taxonomy":"category","embeddable":true,"href":"https:\/\/www.europesays.com\/fr\/wp-json\/wp\/v2\/categories?post=331937"},{"taxonomy":"post_tag","embeddable":true,"href":"https:\/\/www.europesays.com\/fr\/wp-json\/wp\/v2\/tags?post=331937"}],"curies":[{"name":"wp","href":"https:\/\/api.w.org\/{rel}","templated":true}]}}