{"id":331939,"date":"2025-08-20T16:11:19","date_gmt":"2025-08-20T16:11:19","guid":{"rendered":"https:\/\/www.europesays.com\/fr\/331939\/"},"modified":"2025-08-20T16:11:19","modified_gmt":"2025-08-20T16:11:19","slug":"de-jeunes-ukrainiens-accueillis-dans-le-nord-pour-profiter-dun-sejour-de-repit","status":"publish","type":"post","link":"https:\/\/www.europesays.com\/fr\/331939\/","title":{"rendered":"de jeunes ukrainiens accueillis dans le Nord pour profiter d&rsquo;un \u00ab\u00a0s\u00e9jour de r\u00e9pit\u00a0\u00bb"},"content":{"rendered":"<p class=\"article__intro\">Depuis le 16 ao\u00fbt 2025, quarante enfants ukrainiens de Kharkiv participent \u00e0 Lille \u00e0 un s\u00e9jour de r\u00e9pit organis\u00e9 par la ville. Accueillis jusqu\u2019au 27 ao\u00fbt, ces 40 jeunes sportifs d\u00e9couvrent activit\u00e9s nautiques, football ou escalade. L&rsquo;objectif : leur offrir un moment d\u2019insouciance loin des bombardements qui frappent leur ville jumel\u00e9e avec Lille depuis 1978.<\/p>\n<p>\n      La Quotidienne Soci\u00e9t\u00e9\n    <\/p>\n<p>\n      De la vie quotidienne aux grands enjeux, recevez tous les jours les sujets qui font la soci\u00e9t\u00e9 locale, comme la justice, l\u2019\u00e9ducation, la sant\u00e9 et la famille.\n    <\/p>\n<p>    France T\u00e9l\u00e9visions utilise votre adresse e-mail afin de vous envoyer la newsletter \u00ab\u00a0La Quotidienne Soci\u00e9t\u00e9\u00a0\u00bb. Vous pouvez vous d\u00e9sinscrire \u00e0 tout moment via le lien en bas de cette newsletter. <a target=\"_blank\" href=\"https:\/\/www.francetelevisions.fr\/groupe\/confidentialite\/politique-de-confidentialite\/politique-de-confidentialite-de-france-televisions-6503\" rel=\"nofollow noopener\">Notre politique de confidentialit\u00e9<\/a><\/p>\n<p>\u201cC\u2019est une belle ville, moi, j\u2019aime bien ici\u201d, confie Inna, fillette ukrainienne de 11 ans, pos\u00e9e sur l\u2019herbe au bord des quais du quartier de Bois Blanc \u00e0 Lille (Nord).<\/p>\n<p>Elle fait partie des 40 jeunes sportifs originaires de la ville de Kharkiv, participant au \u201cs\u00e9jour de r\u00e9pit\u201d organis\u00e9 par la ville de Lille du 16 au 27 ao\u00fbt 2025.<\/p>\n<p>\u201cC&rsquo;est l&rsquo;accueil solidaire d&rsquo;enfants ukrainiens qui viennent se reposer, participer \u00e0 des activit\u00e9s de loisirs et tout simplement \u00eatre au contact avec des jeunes Fran\u00e7ais, retrouver quelques jours le droit d&rsquo;\u00eatre des enfants, dans l&rsquo;insouciance, dans le jeu, sans craindre les bombardements qui sont nombreux sur la ville de Kharkiv\u201d, poursuit Charlotte Brun, 1re adjointe au maire de Lille.<\/p>\n<p>Mais avant d\u2019arriver dans la capitale des Flandres, le voyage a \u00e9t\u00e9 long pour les enfants et leurs entra\u00eeneurs. \u201c\u00c7a prend deux jours, m\u00eame un peu plus. En bus, c\u2019est assez fatigant, mais les enfants \u00e9taient tellement motiv\u00e9s pour venir en France. Pour la majorit\u00e9 d\u2019entre eux, c\u2019est la premi\u00e8re sortie \u00e0 l\u2019\u00e9tranger\u201d, explique Oleskii Ponikarovskyi, directeur du d\u00e9partement des relations internationales \u00e0 la ville de Kharkiv.<\/p>\n<blockquote class=\"ftvi_content_quote\">\n<p class=\"ftvi_citation_quote\">Ce que je trouve tr\u00e8s symbolique, c\u2019est le nom de ce projet : s\u00e9jour de r\u00e9pit. Ce n&rsquo;est pas un s\u00e9jour de repos, ce n&rsquo;est pas un s\u00e9jour d&rsquo;apprentissage. Il s&rsquo;agit d\u2019un r\u00e9pit et pour nos enfants, c&rsquo;est extr\u00eamement important.<\/p>\n<p>Oleskii Ponikarovskyi, directeur des relations internationales \u00e0 la ville de Kharkiv.<\/p>\n<\/blockquote>\n<p>\u201cCe que je trouve tr\u00e8s symbolique, c\u2019est le nom de ce projet : s\u00e9jour de r\u00e9pit. Ce n&rsquo;est pas un s\u00e9jour de repos, ce n&rsquo;est pas un s\u00e9jour d&rsquo;apprentissage. Il s&rsquo;agit d\u2019un r\u00e9pit et pour nos enfants, c&rsquo;est extr\u00eamement important\u201d, rajoute-t-il, en insistant \u201cLes enfants ne sont pas en s\u00e9curit\u00e9 \u00e0 Kharkiv\u201d.<\/p>\n<p>Un s\u00e9jour de r\u00e9pit, tout en suivant avec attention <a href=\"https:\/\/france3-regions.franceinfo.fr\/hauts-de-france\/nord-0\/lille\/video-rencontre-trump-zelensky-une-presidente-d-association-ukrainienne-reagit-a-l-arrivee-des-dirigeants-europeens-3203342.html\" target=\"_blank\" rel=\"noopener nofollow\">les discussions sur le confit russo-ukrainien<\/a> : \u201c\u00e7a nous touche directement, c\u2019est notre quotidien, c\u2019est notre avenir, donc oui, \u00e7a nous pr\u00e9occupe\u201d.<\/p>\n<p>Le choix de Kharkiv n\u2019est pas anodin, la ville du nord-est de l\u2019Ukraine et Lille sont jumel\u00e9es depuis 1978.<\/p>\n<p>Ce quatri\u00e8me s\u00e9jour de r\u00e9pit \u201cest sous la th\u00e9matique du sport\u201d pr\u00e9cise l\u2019adjointe.<\/p>\n<p>Les 40 jeunes pourront participer \u00e0 plusieurs ateliers, des activit\u00e9s nautiques comme le paddle ou le cano\u00eb et d\u2019autres sur la terre ferme comme le football, l&rsquo;escalade ou encore le basketball. \u201cLes enfants ukrainiens participeront \u00e9galement au premier match du LOSC \u00e0 domicile dimanche et \u00e0 l&rsquo;\u00e9chauffement de notre \u00e9quipe juste avant. Donc, ils pourront la rencontrer\u00a0\u00bb, indique Charlotte Brun.<\/p>\n<p>Avant ce voyage, trois autres s\u00e9jours de r\u00e9pit ont \u00e9t\u00e9 organis\u00e9s en 2025 sous d&rsquo;autres th\u00e9matiques : la nature pour celui de l&rsquo;\u00e9t\u00e9 de l&rsquo;ann\u00e9e derni\u00e8re, ou encore l&rsquo;apprentissage du fran\u00e7ais au printemps avec des jeunes qui apprennent le fran\u00e7ais \u00e0 Kharkiv.<\/p>\n<p>Au total, \u201c160 enfants ukrainiens ont eu l\u2019heureuse occasion de s\u00e9journer \u00e0 Lille\u201d, sp\u00e9cifie Oleskii Ponikarovskyi.<\/p>\n","protected":false},"excerpt":{"rendered":"Depuis le 16 ao\u00fbt 2025, quarante enfants ukrainiens de Kharkiv participent \u00e0 Lille \u00e0 un s\u00e9jour de r\u00e9pit&hellip;\n","protected":false},"author":2,"featured_media":331940,"comment_status":"","ping_status":"","sticky":false,"template":"","format":"standard","meta":{"footnotes":""},"categories":[2815],"tags":[1111,11,1777,674,1011,27,811,1307,12,25],"class_list":{"0":"post-331939","1":"post","2":"type-post","3":"status-publish","4":"format-standard","5":"has-post-thumbnail","7":"category-lille","8":"tag-actu","9":"tag-actualites","10":"tag-eu","11":"tag-europe","12":"tag-fr","13":"tag-france","14":"tag-hauts-de-france","15":"tag-lille","16":"tag-news","17":"tag-republique-francaise"},"share_on_mastodon":{"url":"https:\/\/pubeurope.com\/@fr\/115061973624941713","error":""},"_links":{"self":[{"href":"https:\/\/www.europesays.com\/fr\/wp-json\/wp\/v2\/posts\/331939","targetHints":{"allow":["GET"]}}],"collection":[{"href":"https:\/\/www.europesays.com\/fr\/wp-json\/wp\/v2\/posts"}],"about":[{"href":"https:\/\/www.europesays.com\/fr\/wp-json\/wp\/v2\/types\/post"}],"author":[{"embeddable":true,"href":"https:\/\/www.europesays.com\/fr\/wp-json\/wp\/v2\/users\/2"}],"replies":[{"embeddable":true,"href":"https:\/\/www.europesays.com\/fr\/wp-json\/wp\/v2\/comments?post=331939"}],"version-history":[{"count":0,"href":"https:\/\/www.europesays.com\/fr\/wp-json\/wp\/v2\/posts\/331939\/revisions"}],"wp:featuredmedia":[{"embeddable":true,"href":"https:\/\/www.europesays.com\/fr\/wp-json\/wp\/v2\/media\/331940"}],"wp:attachment":[{"href":"https:\/\/www.europesays.com\/fr\/wp-json\/wp\/v2\/media?parent=331939"}],"wp:term":[{"taxonomy":"category","embeddable":true,"href":"https:\/\/www.europesays.com\/fr\/wp-json\/wp\/v2\/categories?post=331939"},{"taxonomy":"post_tag","embeddable":true,"href":"https:\/\/www.europesays.com\/fr\/wp-json\/wp\/v2\/tags?post=331939"}],"curies":[{"name":"wp","href":"https:\/\/api.w.org\/{rel}","templated":true}]}}