{"id":33194,"date":"2025-04-18T04:34:14","date_gmt":"2025-04-18T04:34:14","guid":{"rendered":"https:\/\/www.europesays.com\/fr\/33194\/"},"modified":"2025-04-18T04:34:14","modified_gmt":"2025-04-18T04:34:14","slug":"pas-de-lien-avec-la-vague-dattaque-contre-les-prisons","status":"publish","type":"post","link":"https:\/\/www.europesays.com\/fr\/33194\/","title":{"rendered":"pas de lien avec la vague d\u2019attaque contre les prisons"},"content":{"rendered":"<p>C\u2019est une tentative de cambriolage somme toute assez banale, au d\u00e9part. Ce dimanche, \u00e0 l\u2019aube, une habitante d\u2019un pavillon de l\u2019agglom\u00e9ration de Nancy aper\u00e7oit depuis sa fen\u00eatre de chambre, au premier \u00e9tage, trois individus devant son habitation. Leurs visages sont dissimul\u00e9s sous des capuches.<\/p>\n<p>L\u2019un est tout pr\u00e8s de la porte qu\u2019il essaie de forcer tandis que les deux autres sont en retrait, sans doute en train de faire le guet. L\u2019habitante ouvre la fen\u00eatre et les met en fuite en criant \u00ab au voleur \u00bb. Lorsqu\u2019elle porte plainte, elle signale que son mari est surveillant \u00e0 la maison d\u2019arr\u00eat de Nancy-Max\u00e9ville.<\/p>\n<p>Mais sa profession n\u2019a en apparence aucun rapport avec ce qui ressemble \u00e0 une simple tentative de vol par effraction. En clair, le trio de malfaiteurs ne savait pas qui occupait la maison et cela aurait pu arriver chez n\u2019importe qui.<\/p>\n","protected":false},"excerpt":{"rendered":"C\u2019est une tentative de cambriolage somme toute assez banale, au d\u00e9part. Ce dimanche, \u00e0 l\u2019aube, une habitante d\u2019un&hellip;\n","protected":false},"author":2,"featured_media":33195,"comment_status":"","ping_status":"","sticky":false,"template":"","format":"standard","meta":{"footnotes":""},"categories":[9635],"tags":[1111,11,271,272,1704,1777,674,274,1011,27,775,3457,1702,1703,12,25],"class_list":{"0":"post-33194","1":"post","2":"type-post","3":"status-publish","4":"format-standard","5":"has-post-thumbnail","7":"category-nancy","8":"tag-actu","9":"tag-actualites","10":"tag-crime","11":"tag-delit-et-contravention","12":"tag-edition-nancy-et-agglomeration","13":"tag-eu","14":"tag-europe","15":"tag-faits-divers-justice","16":"tag-fr","17":"tag-france","18":"tag-grand-est","19":"tag-meurthe-et-moselle","20":"tag-nancy","21":"tag-nancy-ville-54b","22":"tag-news","23":"tag-republique-francaise"},"share_on_mastodon":{"url":"https:\/\/pubeurope.com\/@fr\/114357106725576568","error":""},"_links":{"self":[{"href":"https:\/\/www.europesays.com\/fr\/wp-json\/wp\/v2\/posts\/33194","targetHints":{"allow":["GET"]}}],"collection":[{"href":"https:\/\/www.europesays.com\/fr\/wp-json\/wp\/v2\/posts"}],"about":[{"href":"https:\/\/www.europesays.com\/fr\/wp-json\/wp\/v2\/types\/post"}],"author":[{"embeddable":true,"href":"https:\/\/www.europesays.com\/fr\/wp-json\/wp\/v2\/users\/2"}],"replies":[{"embeddable":true,"href":"https:\/\/www.europesays.com\/fr\/wp-json\/wp\/v2\/comments?post=33194"}],"version-history":[{"count":0,"href":"https:\/\/www.europesays.com\/fr\/wp-json\/wp\/v2\/posts\/33194\/revisions"}],"wp:featuredmedia":[{"embeddable":true,"href":"https:\/\/www.europesays.com\/fr\/wp-json\/wp\/v2\/media\/33195"}],"wp:attachment":[{"href":"https:\/\/www.europesays.com\/fr\/wp-json\/wp\/v2\/media?parent=33194"}],"wp:term":[{"taxonomy":"category","embeddable":true,"href":"https:\/\/www.europesays.com\/fr\/wp-json\/wp\/v2\/categories?post=33194"},{"taxonomy":"post_tag","embeddable":true,"href":"https:\/\/www.europesays.com\/fr\/wp-json\/wp\/v2\/tags?post=33194"}],"curies":[{"name":"wp","href":"https:\/\/api.w.org\/{rel}","templated":true}]}}