{"id":331943,"date":"2025-08-20T16:13:10","date_gmt":"2025-08-20T16:13:10","guid":{"rendered":"https:\/\/www.europesays.com\/fr\/331943\/"},"modified":"2025-08-20T16:13:10","modified_gmt":"2025-08-20T16:13:10","slug":"lolympique-de-marseille-honore-au-danemark","status":"publish","type":"post","link":"https:\/\/www.europesays.com\/fr\/331943\/","title":{"rendered":"L&rsquo;Olympique de Marseille honor\u00e9 au Danemark"},"content":{"rendered":"<p><img fetchpriority=\"high\" decoding=\"async\" width=\"620\" height=\"413\" src=\"https:\/\/www.europesays.com\/fr\/wp-content\/uploads\/2025\/08\/OM-x-Danemark-620x413.jpeg\" alt=\"OM : L'Olympique de Marseille honor\u00e9 au Danemark\" class=\"wp-image-376567\"  \/>Autour de Jean-Pierre Papin, une d\u00e9l\u00e9gation de l\u2019OM a \u00e9t\u00e9 honor\u00e9e ce mardi au Danemark.<\/p>\n<p>L\u2019<a href=\"https:\/\/sportune.20minutes.fr\/olympique-de-marseille-om\" target=\"_blank\" rel=\"noopener\">Olympique de Marseille<\/a> a particip\u00e9 ce mardi soir \u00e0 un d\u00eener officiel organis\u00e9 par l\u2019Ambassade de France au Danemark. L\u2019\u00e9v\u00e9nement, tenu par l\u2019ambassadeur Christophe Pastori, r\u00e9unissait des repr\u00e9sentants de l\u2019<a href=\"https:\/\/sportune.20minutes.fr\/olympique-de-marseille-om\" target=\"_blank\" rel=\"noopener\">Olympique de Marseille<\/a>, du FC Copenhague et de la F\u00e9d\u00e9ration danoise de football.<\/p>\n<p>L\u2019ancien attaquant marseillais Jean-Pierre Papin, vainqueur du troph\u00e9e du Ballon d\u2019Or en 1991, a repr\u00e9sent\u00e9 le club phoc\u00e9en lors de cette r\u00e9ception diplomatique. Le d\u00eener a mis \u00e0 l\u2019honneur la gastronomie proven\u00e7ale, pr\u00e9par\u00e9e par les chefs Richard S\u00e9bastien et \u00c9tienne Lema\u00eetre. <\/p>\n<p>L\u2019OM salu\u00e9 au pays de H\u00f6jbjerg<\/p>\n<p>L\u2019\u00e9v\u00e9nement a rappel\u00e9 les relations institutionnelles entre Marseille et Copenhague, villes jumel\u00e9es depuis 1958. Cette coop\u00e9ration de longue date entre les deux municipalit\u00e9s constitue le cadre historique de ces \u00e9changes sportifs et diplomatiques. <\/p>\n<p>Alors qu\u2019en m\u00eame temps les crispations se faisaient jour \u00e0 Marseille, autour des cas Jonathan Rowe et Adrien Rabiot, au Danemark le m\u00eame soir, il a forc\u00e9ment \u00e9t\u00e9 question du cas Pierre-Emile H\u00f6jbjerg, capitaine de la s\u00e9lection danoise et milieu r\u00e9cup\u00e9rateur de l\u2019<a href=\"https:\/\/sportune.20minutes.fr\/olympique-de-marseille-om\" target=\"_blank\" rel=\"noopener\">Olympique de Marseille<\/a>, pour une actualit\u00e9 autrement plus l\u00e9g\u00e8re.<\/p><\/p>\n","protected":false},"excerpt":{"rendered":"Autour de Jean-Pierre Papin, une d\u00e9l\u00e9gation de l\u2019OM a \u00e9t\u00e9 honor\u00e9e ce mardi au Danemark. L\u2019Olympique de Marseille&hellip;\n","protected":false},"author":2,"featured_media":331944,"comment_status":"","ping_status":"","sticky":false,"template":"","format":"standard","meta":{"footnotes":""},"categories":[2814],"tags":[1111,11,1777,674,1011,27,884,12,149,882,25],"class_list":{"0":"post-331943","1":"post","2":"type-post","3":"status-publish","4":"format-standard","5":"has-post-thumbnail","7":"category-marseille","8":"tag-actu","9":"tag-actualites","10":"tag-eu","11":"tag-europe","12":"tag-fr","13":"tag-france","14":"tag-marseille","15":"tag-news","16":"tag-om","17":"tag-provence-alpes-cote-dazur","18":"tag-republique-francaise"},"share_on_mastodon":{"url":"https:\/\/pubeurope.com\/@fr\/115061981991859214","error":""},"_links":{"self":[{"href":"https:\/\/www.europesays.com\/fr\/wp-json\/wp\/v2\/posts\/331943","targetHints":{"allow":["GET"]}}],"collection":[{"href":"https:\/\/www.europesays.com\/fr\/wp-json\/wp\/v2\/posts"}],"about":[{"href":"https:\/\/www.europesays.com\/fr\/wp-json\/wp\/v2\/types\/post"}],"author":[{"embeddable":true,"href":"https:\/\/www.europesays.com\/fr\/wp-json\/wp\/v2\/users\/2"}],"replies":[{"embeddable":true,"href":"https:\/\/www.europesays.com\/fr\/wp-json\/wp\/v2\/comments?post=331943"}],"version-history":[{"count":0,"href":"https:\/\/www.europesays.com\/fr\/wp-json\/wp\/v2\/posts\/331943\/revisions"}],"wp:featuredmedia":[{"embeddable":true,"href":"https:\/\/www.europesays.com\/fr\/wp-json\/wp\/v2\/media\/331944"}],"wp:attachment":[{"href":"https:\/\/www.europesays.com\/fr\/wp-json\/wp\/v2\/media?parent=331943"}],"wp:term":[{"taxonomy":"category","embeddable":true,"href":"https:\/\/www.europesays.com\/fr\/wp-json\/wp\/v2\/categories?post=331943"},{"taxonomy":"post_tag","embeddable":true,"href":"https:\/\/www.europesays.com\/fr\/wp-json\/wp\/v2\/tags?post=331943"}],"curies":[{"name":"wp","href":"https:\/\/api.w.org\/{rel}","templated":true}]}}