{"id":331945,"date":"2025-08-20T16:14:14","date_gmt":"2025-08-20T16:14:14","guid":{"rendered":"https:\/\/www.europesays.com\/fr\/331945\/"},"modified":"2025-08-20T16:14:14","modified_gmt":"2025-08-20T16:14:14","slug":"on-a-de-gros-soucis-au-niveau-de-la-paie-alerte-une-employee","status":"publish","type":"post","link":"https:\/\/www.europesays.com\/fr\/331945\/","title":{"rendered":"\u00ab\u00a0On a de gros soucis au niveau de la paie\u00a0\u00bb, alerte une employ\u00e9e"},"content":{"rendered":"<p>\u00ab\u00a0C\u2019est un climat tr\u00e8s anxiog\u00e8ne.\u00a0\u00bb Depuis que la filiale fran\u00e7aise de Claire\u2019s (800 salari\u00e9s), l\u2019enseigne de bijoux et accessoires \u00e0 petits prix, a \u00e9t\u00e9 plac\u00e9e en redressement judiciaire, fin juillet, cette employ\u00e9e lyonnaise avance \u00ab\u00a0dans le brouillard\u00a0\u00bb le plus total.<\/p>\n<p>\u00ab\u00a0On nage dans l\u2019incertitude, il n\u2019y a aucune communication, d\u00e9plore Morgane*. On ne sait pas ce qu\u2019il se passe, personne ne nous dit rien. En plus, la client\u00e8le d\u00e9cline\u2026 L\u00e0, \u00e7a devient tr\u00e8s difficile de motiver les \u00e9quipes, surtout avec les soucis de salaires\u00a0!\u00a0\u00bb<\/p>\n<p>Ce lundi justement, des salari\u00e9s ont amorc\u00e9 un mouvement national de gr\u00e8ve \u00ab\u00a0en raison de graves probl\u00e8mes de paie\u00a0\u00bb, peut-on lire sur les vitrines des deux boutiques lyonnaises &#8211;\u00a0rue Victor-Hugo et au centre commercial Westfield Part-Dieu.<\/p>\n<p>Ce contenu est bloqu\u00e9 car vous n&rsquo;avez pas accept\u00e9 les cookies et autres traceurs.<\/p>\n<p>En cliquant sur \u00ab J\u2019accepte \u00bb, les cookies et autres traceurs seront d\u00e9pos\u00e9s et vous pourrez visualiser les contenus  (<a href=\"\" class=\"consentModule_policy\" target=\"_blank\" title=\"Consulter la politique de protection des donn\u00e9es du fournisseur\">plus d&rsquo;informations<\/a>).<\/p>\n<p>En cliquant sur \u00ab J\u2019accepte tous les cookies \u00bb, vous autorisez des d\u00e9p\u00f4ts de cookies et autres traceurs pour le stockage de vos donn\u00e9es sur nos sites et applications \u00e0 des fins de personnalisation et de ciblage publicitaire.<\/p>\n<p class=\"consentModule_secondaryText\">Vous gardez la possibilit\u00e9 de retirer votre consentement \u00e0 tout moment en consultant notre <a href=\"https:\/\/www.leprogres.fr\/protection-des-donnees\" target=\"_blank\" title=\"Consulter notre politique de protection des donn\u00e9es\" rel=\"nofollow noopener\">politique de protection des donn\u00e9es<\/a>. <br \/>&#13;<br \/>\n            <a href=\"https:\/\/www.leprogres.fr\/economie\/2025\/08\/20\/javascript:Didomi.notice.show()\" class=\"consentModule_cmp\" rel=\"nofollow noopener\" target=\"_blank\">G\u00e9rer mes choix<\/a>&#13;\n        <\/p>\n<p>&#13;<br \/>\n                        J&rsquo;accepte&#13;<br \/>\n            J&rsquo;accepte tous les cookies&#13;\n        <\/p>\n<p>  Primes manquantes, erreurs sur les cong\u00e9s pay\u00e9s<\/p>\n<p>\u00ab\u00a0Il y a beaucoup de salaires incomplets. On a aussi des soucis avec nos cong\u00e9s pay\u00e9s, pas bien comptabilis\u00e9s. Il nous manque des primes, on a des heures suppl\u00e9mentaires impay\u00e9es\u00a0\u00bb, \u00e9num\u00e8re Morgane. Dans son district, \u00ab\u00a0tous les coll\u00e8gues\u00a0\u00bb ont subi des d\u00e9fauts.<\/p>\n<p>En signe de protestation, \u00e0 Lyon comme ailleurs en France, les magasins Claire\u2019s ferment chaque jour leurs portes entre 16 et 18 heures. Contact\u00e9 par Le Progr\u00e8s , un responsable de secteur dans le Rh\u00f4ne indique que le groupe ne souhaite pas communiquer pour le moment.<\/p>\n<p class=\"note\">*Le pr\u00e9nom a \u00e9t\u00e9 modifi\u00e9.<\/p>\n","protected":false},"excerpt":{"rendered":"\u00ab\u00a0C\u2019est un climat tr\u00e8s anxiog\u00e8ne.\u00a0\u00bb Depuis que la filiale fran\u00e7aise de Claire\u2019s (800 salari\u00e9s), l\u2019enseigne de bijoux et&hellip;\n","protected":false},"author":2,"featured_media":331946,"comment_status":"","ping_status":"","sticky":false,"template":"","format":"standard","meta":{"footnotes":""},"categories":[1889],"tags":[1111,11,2430,4406,33,2757,1777,674,107,1011,27,2428,2756,12,25,2429],"class_list":{"0":"post-331945","1":"post","2":"type-post","3":"status-publish","4":"format-standard","5":"has-post-thumbnail","7":"category-lyon","8":"tag-actu","9":"tag-actualites","10":"tag-auvergne-rhone-alpes","11":"tag-commerce-et-services","12":"tag-economie","13":"tag-edition-lyon-villeurbanne","14":"tag-eu","15":"tag-europe","16":"tag-fil-info","17":"tag-fr","18":"tag-france","19":"tag-lyon","20":"tag-lyon-bassin","21":"tag-news","22":"tag-republique-francaise","23":"tag-rhone"},"share_on_mastodon":{"url":"https:\/\/pubeurope.com\/@fr\/115061985395791729","error":""},"_links":{"self":[{"href":"https:\/\/www.europesays.com\/fr\/wp-json\/wp\/v2\/posts\/331945","targetHints":{"allow":["GET"]}}],"collection":[{"href":"https:\/\/www.europesays.com\/fr\/wp-json\/wp\/v2\/posts"}],"about":[{"href":"https:\/\/www.europesays.com\/fr\/wp-json\/wp\/v2\/types\/post"}],"author":[{"embeddable":true,"href":"https:\/\/www.europesays.com\/fr\/wp-json\/wp\/v2\/users\/2"}],"replies":[{"embeddable":true,"href":"https:\/\/www.europesays.com\/fr\/wp-json\/wp\/v2\/comments?post=331945"}],"version-history":[{"count":0,"href":"https:\/\/www.europesays.com\/fr\/wp-json\/wp\/v2\/posts\/331945\/revisions"}],"wp:featuredmedia":[{"embeddable":true,"href":"https:\/\/www.europesays.com\/fr\/wp-json\/wp\/v2\/media\/331946"}],"wp:attachment":[{"href":"https:\/\/www.europesays.com\/fr\/wp-json\/wp\/v2\/media?parent=331945"}],"wp:term":[{"taxonomy":"category","embeddable":true,"href":"https:\/\/www.europesays.com\/fr\/wp-json\/wp\/v2\/categories?post=331945"},{"taxonomy":"post_tag","embeddable":true,"href":"https:\/\/www.europesays.com\/fr\/wp-json\/wp\/v2\/tags?post=331945"}],"curies":[{"name":"wp","href":"https:\/\/api.w.org\/{rel}","templated":true}]}}