{"id":331948,"date":"2025-08-20T16:17:12","date_gmt":"2025-08-20T16:17:12","guid":{"rendered":"https:\/\/www.europesays.com\/fr\/331948\/"},"modified":"2025-08-20T16:17:12","modified_gmt":"2025-08-20T16:17:12","slug":"cout-de-la-vie-etudiante-paris-et-les-villes-dile-de-france-restent-les-plus-cheres-en-2025","status":"publish","type":"post","link":"https:\/\/www.europesays.com\/fr\/331948\/","title":{"rendered":"Co\u00fbt de la vie \u00e9tudiante : Paris et les villes d&rsquo;\u00cele-de-France restent les plus ch\u00e8res en 2025"},"content":{"rendered":"<ul class=\"jsx-862013697 ArticleChapo__List\">\n<li class=\"jsx-862013697 ArticleChapo__List_Item flex\">L&rsquo;Unef a dress\u00e9 un classement des villes fran\u00e7aises dans lesquelles il est le plus cher d&rsquo;\u00e9tudier.<\/li>\n<li class=\"jsx-862013697 ArticleChapo__List_Item flex\">Le syndicat \u00e9tudiant observe que c&rsquo;est \u00e0 Paris et en \u00cele-de-France qu&rsquo;effectuer ses \u00e9tudes est le plus co\u00fbteux.<\/li>\n<li class=\"jsx-862013697 ArticleChapo__List_Item flex\">Le co\u00fbt des loyers vient en grande partie expliquer ces r\u00e9sultats.<\/li>\n<\/ul>\n<p><a href=\"https:\/\/www.tf1info.fr\/actualite\/rentree-scolaire-2025-changements-calendrier-foyer-fiscal-ecole-college-lycee-13742\/\" rel=\"noopener\" class=\"jsx-484472199 Link jsx-1428418400 jsx-1910851033\" target=\"_blank\"><\/p>\n<p style=\"font-weight:400\" class=\"jsx-1837267516\">Suivez la couverture compl\u00e8te<\/p>\n<p style=\"font-weight:800\" class=\"jsx-1837267516\">Rentr\u00e9e scolaire 2025<\/p>\n<p><\/a><\/p>\n<p data-module=\"article-paragraph\" class=\"jsx-3046738180 Paragraph Paragraph__End\">Comme chaque ann\u00e9e, l&rsquo;Unef <a href=\"https:\/\/www.tf1info.fr\/conso\/cout-de-la-vie-etudiante-logement-transport-quelles-sont-les-villes-universitaires-les-plus-cheres-de-france-selon-unef-2267299.html\" target=\"_blank\" rel=\"noopener\">pr\u00e9sente son classement<\/a> des villes de France les plus ch\u00e8res pour les \u00e9tudiants. <a href=\"https:\/\/www.tf1info.fr\/economie\/budget-2026-les-etudiants-vont-encore-etre-les-plus-touches-l-unef-s-inquiete-de-l-impact-de-l-annee-blanche-2388679.html\" target=\"_blank\" rel=\"noopener\">Le syndicat \u00e9tudiant<\/a> a dress\u00e9 un classement qui met en lumi\u00e8re les importantes disparit\u00e9s observ\u00e9es \u00e0 l&rsquo;\u00e9chelle du territoire. Sans grande surprise, Paris reste la m\u00e9tropole o\u00f9 effectuer des \u00e9tudes se r\u00e9v\u00e8le le plus co\u00fbteux. La capitale est suivie par plusieurs villes d&rsquo;\u00cele-de-France.\u00a0<\/p>\n<blockquote data-testid=\"EmbedTwitter\" id=\"tweet-1958095925831696805-:R4pcmj9n79m:\" class=\"jsx-aeff1a1c40f54d7a twitter-tweet flex justify-center items-center\"><p>L\u2019UNEF publie son classement des villes universitaires donc voici le top 23 des villes les plus ch\u00e8res pour les \u00e9tudiant\u2022e\u2022s.  L\u2019\u00e9tude au complet est \u00e0 retrouver sur notre site internet.  pic.twitter.com\/YCg9vmd7HU \u2014 UNEF (@UNEF)  August 20, 2025<\/p><\/blockquote>\n<p>Plus de 1.600 euros \u00e0 d\u00e9bourser chaque mois<\/p>\n<p data-module=\"article-paragraph\" class=\"jsx-3046738180 Paragraph\">Pour \u00e9tudier \u00e0 Paris, un \u00e9tudiant doit faire face \u00e0 des postes de d\u00e9pense consid\u00e9rables. La facture moyenne d\u00e9passe ainsi les 1.620 euros, soit plus que Nanterre, Cr\u00e9teil ou Saint-Denis, \u00a0o\u00f9 les montants oscillent entre 1.450 et 1.520 euros mensuels. L&rsquo;Unef note qu&rsquo;en France, le loyer moyen dans un logement Crous s&rsquo;\u00e9l\u00e8ve \u00e0 421,97 euros, tandis qu&rsquo;il est de 609,60 euros dans le priv\u00e9. Des chiffres revus \u00e0 la hausse en Ile-de-France, puisque le loyer moyen dans le priv\u00e9 atteint 857 euros.<\/p>\n<p data-module=\"article-paragraph\" class=\"jsx-3046738180 Paragraph Paragraph__End\">\u00ab\u00a0Le loyer repr\u00e9sente le premier poste de d\u00e9pense des \u00e9tudiant\u00b7e\u00b7s, donc la moindre augmentation de quelques euros a un impact tr\u00e8s important sur leurs porte-monnaies\u00a0\u00bb <a href=\"https:\/\/unef.fr\/wp-content\/uploads\/2025\/08\/Enquete-UNEF-2025.pdf\" target=\"_blank\" rel=\"nofollow noopener\">\u00e9crit l&rsquo;Unef (nouvelle fen\u00eatre)<\/a>. \u00ab\u00a0Cette ann\u00e9e, les \u00e9tudiant\u00b7e\u00b7s log\u00e9\u00b7e\u00b7s dans le parc priv\u00e9 verront leurs loyers augmenter de 2,75%\u00a0\u00bb, tandis que ceux dans les logements \u00e0 tarification Crous vont subir une hausse de 3,26%.<\/p>\n<p><a href=\"https:\/\/www.tf1info.fr\/societe\/a-quelles-aides-avez-vous-le-droit-en-tant-qu-etudiant-pour-la-rentree-2025-2389512.html\" rel=\"noopener\" class=\"jsx-3308031228 Link flex\" target=\"_blank\"><img decoding=\"async\" src=\"https:\/\/www.europesays.com\/fr\/wp-content\/uploads\/2025\/08\/rentree-etudiant-2ebaf3-0@1x.jpeg\" alt=\"Getty Images\" loading=\"lazy\" importance=\"low\" fetchpriority=\"low\" class=\"\" aria-hidden=\"true\"\/><\/p>\n<p class=\"jsx-3657663356 ReadMoreArticle__Title\">Lire aussi<\/p>\n<p class=\"jsx-3657663356\">\u00c0 quelles aides avez-vous le droit en tant qu\u2019\u00e9tudiant pour la rentr\u00e9e 2025\u202f? <\/p>\n<p><\/a><\/p>\n<p data-module=\"article-paragraph\" class=\"jsx-3046738180 Paragraph\">Parmi les 23 villes les plus ch\u00e8res, on retrouve Lyon, Lille, Marseille, Montpellier, Strasbourg ou Toulouse. La Rochelle, Nantes ou Rennes figurent aussi dans ce classement, qui ne s&rsquo;int\u00e9resse pas aux seules d\u00e9penses de logement. Le co\u00fbt des transports ou de l&rsquo;alimentation figure ainsi parmi les \u00e9l\u00e9ments pris en compte dans les calculs de l&rsquo;Unef.<\/p>\n<p data-module=\"article-paragraph\" class=\"jsx-3046738180 Paragraph Paragraph__End\">\u00ab\u00a0Les \u00e9carts territoriaux continuent de se renforcer, transformant l&rsquo;origine g\u00e9ographique en facteur d\u00e9terminant de r\u00e9ussite universitaire\u00a0\u00bb, d\u00e9plore l&rsquo;Unef. \u00ab\u00a0Entre les m\u00e9tropoles o\u00f9 se concentrent le plus grand nombre de formations et les territoires p\u00e9riph\u00e9riques o\u00f9 l&rsquo;offre universitaire se rar\u00e9fie, la distanciation sociale ne fait que cro\u00eetre.\u00a0\u00bb Le syndicat note que \u00ab\u00a0cette g\u00e9ographie in\u00e9galitaire de l&rsquo;enseignement sup\u00e9rieur contraint de nombreux\u00b7ses jeunes \u00e0 partir de leur territoire d&rsquo;origine, ajoutant aux d\u00e9penses n\u00e9cessaires aux besoins fondamentaux, des frais de mobilit\u00e9 et de logement.\u00a0\u00bb<\/p>\n<p>TD<\/p>\n<p><script async src=\"https:\/\/platform.twitter.com\/widgets.js\" charset=\"utf-8\"><\/script><\/p>\n","protected":false},"excerpt":{"rendered":"L&rsquo;Unef a dress\u00e9 un classement des villes fran\u00e7aises dans lesquelles il est le plus cher d&rsquo;\u00e9tudier. Le syndicat&hellip;\n","protected":false},"author":2,"featured_media":331949,"comment_status":"","ping_status":"","sticky":false,"template":"","format":"standard","meta":{"footnotes":""},"categories":[1592],"tags":[1111,11,1921,36120,1777,674,1011,27,662,1922,12,626,2922,46918,25,133,17501],"class_list":{"0":"post-331948","1":"post","2":"type-post","3":"status-publish","4":"format-standard","5":"has-post-thumbnail","7":"category-ile-de-france","8":"tag-actu","9":"tag-actualites","10":"tag-article-video","11":"tag-etudes-superieures","12":"tag-eu","13":"tag-europe","14":"tag-fr","15":"tag-france","16":"tag-ile-de-france","17":"tag-info","18":"tag-news","19":"tag-paris","20":"tag-pouvoir-dachat","21":"tag-rentree-scolaire-2025","22":"tag-republique-francaise","23":"tag-video","24":"tag-video-famille-et-education"},"share_on_mastodon":{"url":"https:\/\/pubeurope.com\/@fr\/115061997422864216","error":""},"_links":{"self":[{"href":"https:\/\/www.europesays.com\/fr\/wp-json\/wp\/v2\/posts\/331948","targetHints":{"allow":["GET"]}}],"collection":[{"href":"https:\/\/www.europesays.com\/fr\/wp-json\/wp\/v2\/posts"}],"about":[{"href":"https:\/\/www.europesays.com\/fr\/wp-json\/wp\/v2\/types\/post"}],"author":[{"embeddable":true,"href":"https:\/\/www.europesays.com\/fr\/wp-json\/wp\/v2\/users\/2"}],"replies":[{"embeddable":true,"href":"https:\/\/www.europesays.com\/fr\/wp-json\/wp\/v2\/comments?post=331948"}],"version-history":[{"count":0,"href":"https:\/\/www.europesays.com\/fr\/wp-json\/wp\/v2\/posts\/331948\/revisions"}],"wp:featuredmedia":[{"embeddable":true,"href":"https:\/\/www.europesays.com\/fr\/wp-json\/wp\/v2\/media\/331949"}],"wp:attachment":[{"href":"https:\/\/www.europesays.com\/fr\/wp-json\/wp\/v2\/media?parent=331948"}],"wp:term":[{"taxonomy":"category","embeddable":true,"href":"https:\/\/www.europesays.com\/fr\/wp-json\/wp\/v2\/categories?post=331948"},{"taxonomy":"post_tag","embeddable":true,"href":"https:\/\/www.europesays.com\/fr\/wp-json\/wp\/v2\/tags?post=331948"}],"curies":[{"name":"wp","href":"https:\/\/api.w.org\/{rel}","templated":true}]}}