{"id":331951,"date":"2025-08-20T16:19:14","date_gmt":"2025-08-20T16:19:14","guid":{"rendered":"https:\/\/www.europesays.com\/fr\/331951\/"},"modified":"2025-08-20T16:19:14","modified_gmt":"2025-08-20T16:19:14","slug":"les-enqueteurs-cherchent-la-famille-dun-homme-retrouve-demembre-dans-le-tunnel-du-metro","status":"publish","type":"post","link":"https:\/\/www.europesays.com\/fr\/331951\/","title":{"rendered":"les enqu\u00eateurs cherchent la famille d\u2019un homme retrouv\u00e9 d\u00e9membr\u00e9 dans le tunnel du m\u00e9tro"},"content":{"rendered":"<p>Les enqu\u00eateurs cherchent d\u00e9sesp\u00e9r\u00e9ment sa famille. Le corps d\u00e9membr\u00e9 d\u2019un homme a \u00e9t\u00e9 retrouv\u00e9 vendredi 15\u00a0ao\u00fbt dernier dans le tunnel de la ligne 2 reliant Ternes et Courcelles, a appris Paris Match du parquet de Paris, confirmant une information de nos confr\u00e8res du <a href=\"https:\/\/www.leparisien.fr\/paris-75\/paris-un-corps-demembre-retrouve-dans-un-tunnel-du-metro-identifie-par-les-enqueteurs-20-08-2025-YGIAUHTF6VD7XJCE2WDBKARIU4.php\" rel=\"nofollow noopener\" target=\"_blank\" data-ylk=\"slk:Parisien;elm:context_link;itc:0;sec:content-canvas\" class=\"link \">Parisien<\/a>.<\/p>\n<p>Une enqu\u00eate ouverte<\/p>\n<p>Selon la m\u00eame source, la victime a \u00e9t\u00e9 identifi\u00e9e comme \u00ab\u00a0pouvant \u00eatre Abdel M., n\u00e9 en septembre\u00a01999 au Tchad\u00a0\u00bb. L\u2019homme se trouvait \u00ab\u00a0en situation r\u00e9guli\u00e8re sur le territoire fran\u00e7ais\u00a0\u00bb, pr\u00e9cise le parquet.<\/p>\n<p>\u00c0 lire aussi <a href=\"https:\/\/www.parismatch.com\/actu\/sport\/paris-un-cycliste-irlandais-venu-assister-a-une-etape-du-tour-de-france-meurt-dans-le-metro-a-lage-de-25-ans-254668\" rel=\"nofollow noopener\" target=\"_blank\" data-ylk=\"slk:Paris\u00a0: un cycliste irlandais venu assister \u00e0 une \u00e9tape du Tour de France meurt dans le m\u00e9tro \u00e0 l\u2019\u00e2ge de 25\u00a0ans;elm:context_link;itc:0;sec:content-canvas\" class=\"link \">Paris\u00a0: un cycliste irlandais venu assister \u00e0 une \u00e9tape du Tour de France meurt dans le m\u00e9tro \u00e0 l\u2019\u00e2ge de 25\u00a0ans <\/a><\/p>\n<p>Une\u00a0enqu\u00eate \u00ab\u00a0en recherche des causes de la mort\u00a0\u00bb a \u00e9t\u00e9 ouverte par le parquet de Paris. Comme \u00e9voqu\u00e9 ci-dessus, les autorit\u00e9s cherchent \u00e0 retrouver la famille de la victime pour l\u2019informer de son d\u00e9c\u00e8s.<\/p>\n<p><a href=\"https:\/\/www.parismatch.com\/actu\/faits-divers\/paris-les-enqueteurs-cherchent-la-famille-dun-homme-retrouve-demembre-dans-le-tunnel-du-metro-255845?at_medium=affiliate&amp;at_campaign=Yahoo\" rel=\"nofollow noopener\" target=\"_blank\" data-ylk=\"slk:Retrouvez cet article sur ParisMatch;elm:context_link;itc:0;sec:content-canvas\" class=\"link \">Retrouvez cet article sur ParisMatch<\/a><\/p>\n","protected":false},"excerpt":{"rendered":"Les enqu\u00eateurs cherchent d\u00e9sesp\u00e9r\u00e9ment sa famille. Le corps d\u00e9membr\u00e9 d\u2019un homme a \u00e9t\u00e9 retrouv\u00e9 vendredi 15\u00a0ao\u00fbt dernier dans&hellip;\n","protected":false},"author":2,"featured_media":331952,"comment_status":"","ping_status":"","sticky":false,"template":"","format":"standard","meta":{"footnotes":""},"categories":[1888],"tags":[1111,1928,11,1927,46875,1777,674,1011,27,4933,12,1926,626,1925,25,46919],"class_list":{"0":"post-331951","1":"post","2":"type-post","3":"status-publish","4":"format-standard","5":"has-post-thumbnail","7":"category-paris","8":"tag-actu","9":"tag-actu-paris","10":"tag-actualites","11":"tag-actualites-paris","12":"tag-corps-demembre","13":"tag-eu","14":"tag-europe","15":"tag-fr","16":"tag-france","17":"tag-homme","18":"tag-news","19":"tag-news-paris","20":"tag-paris","21":"tag-paris-news","22":"tag-republique-francaise","23":"tag-ternes"},"share_on_mastodon":{"url":"https:\/\/pubeurope.com\/@fr\/115062005103548823","error":""},"_links":{"self":[{"href":"https:\/\/www.europesays.com\/fr\/wp-json\/wp\/v2\/posts\/331951","targetHints":{"allow":["GET"]}}],"collection":[{"href":"https:\/\/www.europesays.com\/fr\/wp-json\/wp\/v2\/posts"}],"about":[{"href":"https:\/\/www.europesays.com\/fr\/wp-json\/wp\/v2\/types\/post"}],"author":[{"embeddable":true,"href":"https:\/\/www.europesays.com\/fr\/wp-json\/wp\/v2\/users\/2"}],"replies":[{"embeddable":true,"href":"https:\/\/www.europesays.com\/fr\/wp-json\/wp\/v2\/comments?post=331951"}],"version-history":[{"count":0,"href":"https:\/\/www.europesays.com\/fr\/wp-json\/wp\/v2\/posts\/331951\/revisions"}],"wp:featuredmedia":[{"embeddable":true,"href":"https:\/\/www.europesays.com\/fr\/wp-json\/wp\/v2\/media\/331952"}],"wp:attachment":[{"href":"https:\/\/www.europesays.com\/fr\/wp-json\/wp\/v2\/media?parent=331951"}],"wp:term":[{"taxonomy":"category","embeddable":true,"href":"https:\/\/www.europesays.com\/fr\/wp-json\/wp\/v2\/categories?post=331951"},{"taxonomy":"post_tag","embeddable":true,"href":"https:\/\/www.europesays.com\/fr\/wp-json\/wp\/v2\/tags?post=331951"}],"curies":[{"name":"wp","href":"https:\/\/api.w.org\/{rel}","templated":true}]}}