{"id":331959,"date":"2025-08-20T16:23:15","date_gmt":"2025-08-20T16:23:15","guid":{"rendered":"https:\/\/www.europesays.com\/fr\/331959\/"},"modified":"2025-08-20T16:23:15","modified_gmt":"2025-08-20T16:23:15","slug":"ou-aura-lieu-la-rencontre-entre-volodymyr-zelensky-et-vladimir-poutine","status":"publish","type":"post","link":"https:\/\/www.europesays.com\/fr\/331959\/","title":{"rendered":"o\u00f9 aura lieu la rencontre entre Volodymyr Zelensky et Vladimir Poutine ?"},"content":{"rendered":"<p>            lire plus tard<\/p>\n<p id=\"dialog__title\" class=\"dialog__title\">Pour sauvegarder cet article, connectez-vous ou cr\u00e9ez un compte franceinfo<\/p>\n<p class=\"dialog__description\">Sans paiement. Sans abonnement.<\/p>\n<p>        Fermer la fen\u00eatre d\u2019activation des notifications France Info<\/p>\n<p>            cr\u00e9er votre compte<\/p>\n<p>            se connecter<\/p>\n<p>        Fermer la fen\u00eatre de pr\u00e9sentation<\/p>\n<p>    Publi\u00e9 le 20\/08\/2025 15:59<\/p>\n<p>        Temps de lecture : 2min &#8211; vid\u00e9o : 2min<\/p>\n<p>    <img decoding=\"async\" class=\"francetv-player-wrapper__image\" alt=\"Guerre en Ukraine : o\u00f9 aura lieu la rencontre entre Volodymyr Zelensky et Vladimir Poutine ?\"  width=\"432\" height=\"243\" src=\"https:\/\/www.europesays.com\/fr\/wp-content\/uploads\/2025\/08\/zelensky-poutine-68a5d3a658c78154805432.jpg\" fetchpriority=\"high\"\/><\/p>\n<p>              Guerre en Ukraine : o\u00f9 aura lieu la rencontre entre Volodymyr Zelensky et Vladimir Poutine ?<br \/>\n                    (France 2)<\/p>\n<p>      2min<\/p>\n<p>\n  O\u00f9 aura lieu le sommet pr\u00e9vu avant la fin du mois entre Volodymyr Zelensky et Vladimir Poutine ? Les modalit\u00e9s restent encore \u00e0 pr\u00e9ciser.\n<\/p>\n<p><strong>Ce texte correspond \u00e0 une partie de la retranscription du reportage ci-dessus. Cliquez sur la vid\u00e9o pour le regarder en int\u00e9gralit\u00e9.<\/strong><\/p>\n<p>Une rencontre entre <a href=\"https:\/\/www.franceinfo.fr\/monde\/europe\/manifestations-en-ukraine\/guerre-en-ukraine-vladimir-poutine-a-propose-de-rencontrer-volodymyr-zelensky-a-moscou_7443625.html\" rel=\"nofollow noopener\" target=\"_blank\">Vladimir Poutine et Volodymyr Zelensky<\/a>, c&rsquo;est l&rsquo;id\u00e9e un peu folle de Donald Trump, qu&rsquo;il a r\u00e9p\u00e9t\u00e9e mardi 19 ao\u00fbt sur la cha\u00eene conservatrice Fox News. \u00ab\u00a0Si \u00e7a fonctionne, alors j&rsquo;organiserai une r\u00e9union bilat\u00e9rale avec eux\u00a0\u00bb, assure-t-il. Pour l&rsquo;heure, la question est : o\u00f9 peut se d\u00e9rouler une telle r\u00e9union, sachant que le pr\u00e9sident russe, qui est vis\u00e9 par un mandat d&rsquo;arr\u00eat international, pourrait \u00eatre interpell\u00e9 ?<\/p>\n<p>L&rsquo;Autriche et la Suisse ont accept\u00e9 d&rsquo;accueillir Vladimir Poutine. \u00c0 Gen\u00e8ve (Suisse), le Conseil f\u00e9d\u00e9ral a pr\u00e9cis\u00e9 la situation juridique. \u00ab\u00a0Il a d\u00e9fini les r\u00e8gles pour donner l&rsquo;immunit\u00e9 \u00e0 une personne qui est sous mandat d&rsquo;arr\u00eat international si cette personne vient pour une conf\u00e9rence de paix, pas si elle vient pour des raisons priv\u00e9es\u00a0\u00bb, explique Ignazio Cassis, ministre suisse des Affaires \u00e9trang\u00e8res.<\/p>\n<p>Le Vatican pourrait aussi \u00eatre une solution pour des n\u00e9gociations. Le pape L\u00e9on XIV l&rsquo;avait propos\u00e9 au pr\u00e9sident Zelensky lors de sa visite en juillet dernier. Enfin, une autre option a \u00e9t\u00e9 imm\u00e9diatement \u00e9cart\u00e9e par Volodymyr Zelensky : un entretien \u00e0 Moscou propos\u00e9 par le pr\u00e9sident russe.<\/p>\n<p>En Ukraine, dans une r\u00e9gion voisine du Donbass, la population est mitig\u00e9e sur la suite des n\u00e9gociations. \u00ab\u00a0Il faudrait que Zelensky et Poutine se rencontrent dans un autre pays, un pays neutre. Zelensky ne peut pas aller \u00e0 Moscou, car on ne sait pas ce que Poutine a en t\u00eate. Tout pourrait arriver\u00a0\u00bb, lance un Ukrainien.<\/p>\n<p>Dans la nuit du mardi 19 au mercredi 20 ao\u00fbt, une attaque de drone a vis\u00e9 Odessa. Pour l&rsquo;heure, difficile d&rsquo;imaginer la paix ; les attaques se poursuivent des deux c\u00f4t\u00e9s.<\/p>\n","protected":false},"excerpt":{"rendered":"lire plus tard Pour sauvegarder cet article, connectez-vous ou cr\u00e9ez un compte franceinfo Sans paiement. Sans abonnement. Fermer&hellip;\n","protected":false},"author":2,"featured_media":331960,"comment_status":"","ping_status":"","sticky":false,"template":"","format":"standard","meta":{"footnotes":""},"categories":[1590],"tags":[11,1777,674,12,220],"class_list":{"0":"post-331959","1":"post","2":"type-post","3":"status-publish","4":"format-standard","5":"has-post-thumbnail","7":"category-ukraine","8":"tag-actualites","9":"tag-eu","10":"tag-europe","11":"tag-news","12":"tag-ukraine"},"share_on_mastodon":{"url":"https:\/\/pubeurope.com\/@fr\/115062020747211125","error":""},"_links":{"self":[{"href":"https:\/\/www.europesays.com\/fr\/wp-json\/wp\/v2\/posts\/331959","targetHints":{"allow":["GET"]}}],"collection":[{"href":"https:\/\/www.europesays.com\/fr\/wp-json\/wp\/v2\/posts"}],"about":[{"href":"https:\/\/www.europesays.com\/fr\/wp-json\/wp\/v2\/types\/post"}],"author":[{"embeddable":true,"href":"https:\/\/www.europesays.com\/fr\/wp-json\/wp\/v2\/users\/2"}],"replies":[{"embeddable":true,"href":"https:\/\/www.europesays.com\/fr\/wp-json\/wp\/v2\/comments?post=331959"}],"version-history":[{"count":0,"href":"https:\/\/www.europesays.com\/fr\/wp-json\/wp\/v2\/posts\/331959\/revisions"}],"wp:featuredmedia":[{"embeddable":true,"href":"https:\/\/www.europesays.com\/fr\/wp-json\/wp\/v2\/media\/331960"}],"wp:attachment":[{"href":"https:\/\/www.europesays.com\/fr\/wp-json\/wp\/v2\/media?parent=331959"}],"wp:term":[{"taxonomy":"category","embeddable":true,"href":"https:\/\/www.europesays.com\/fr\/wp-json\/wp\/v2\/categories?post=331959"},{"taxonomy":"post_tag","embeddable":true,"href":"https:\/\/www.europesays.com\/fr\/wp-json\/wp\/v2\/tags?post=331959"}],"curies":[{"name":"wp","href":"https:\/\/api.w.org\/{rel}","templated":true}]}}