{"id":331961,"date":"2025-08-20T16:24:25","date_gmt":"2025-08-20T16:24:25","guid":{"rendered":"https:\/\/www.europesays.com\/fr\/331961\/"},"modified":"2025-08-20T16:24:25","modified_gmt":"2025-08-20T16:24:25","slug":"donald-trump-accentue-sa-pression-sur-la-fed-et-reclame-la-demission-de-lisa-cook","status":"publish","type":"post","link":"https:\/\/www.europesays.com\/fr\/331961\/","title":{"rendered":"Donald Trump accentue sa pression sur la Fed et r\u00e9clame la d\u00e9mission de Lisa Cook"},"content":{"rendered":"<p class=\"fig-paragraph\">M\u00e9content de la politique mon\u00e9taire men\u00e9e par la R\u00e9serve f\u00e9d\u00e9rale (Fed), le pr\u00e9sident am\u00e9ricain Donald Trump souhaite renforcer son contr\u00f4le sur l&rsquo;institution, en appelant notamment \u00e0 la d\u00e9mission d&rsquo;une de ses responsables,<a href=\"http:\/\/www.lefigaro.fr\/flash-eco\/lisa-cook-confirmee-gouverneure-de-la-fed-par-le-senat-20220511\" target=\"_blank\" data-fig-type=\"NewsFlash\" rel=\"noopener nofollow\" data-gtm-custom-categorie=\"navigation\" data-gtm-custom-action=\"crossclick\" data-gtm-custom-label=\"Contextuel\" data-gtm-event=\"customEventSPE\" data-fig-domain=\"LEFIGARO\">\u00a0Lisa Cook<\/a>, afin de pouvoir la remplacer par une personne plus proche de ses id\u00e9es. Avant m\u00eame son retour \u00e0 la Maison Blanche, fin janvier, le r\u00e9publicain de 79 ans\u00a0<a href=\"http:\/\/www.lefigaro.fr\/conjoncture\/il-est-trop-stupide-donald-trump-insulte-a-nouveau-le-patron-de-la-fed-jerome-powell-20250731\" target=\"_blank\" data-fig-type=\"NewsFlash\" rel=\"noopener nofollow\" data-gtm-custom-categorie=\"navigation\" data-gtm-custom-action=\"crossclick\" data-gtm-custom-label=\"Contextuel\" data-gtm-event=\"customEventSPE\" data-fig-domain=\"LEFIGARO\">s&rsquo;en est pris r\u00e9guli\u00e8rement au pr\u00e9sident de la Fed, Jerome Powell<\/a>, l&rsquo;accusant de trop tarder \u00e0 abaisser les taux, ce qui permettrait, selon lui, de r\u00e9duire le co\u00fbt de la dette am\u00e9ricaine.<\/p>\n<p class=\"fig-paragraph\">Mais plus encore, une baisse des taux permettrait de venir en soutien de sa politique \u00e9conomique, droits de douane et baisse d&rsquo;imp\u00f4ts pour les plus riches notamment, en augmentant l&rsquo;acc\u00e8s \u00e0 l&#8217;emprunt. Mercredi, le pr\u00e9sident am\u00e9ricain s&rsquo;en est cependant pris \u00e0 une autre membre du Comit\u00e9 de politique mon\u00e9taire de la Fed (FOMC), Lisa Cook, nomm\u00e9e au prestigieux poste de gouverneure, en 2022 par Joe Biden.<\/p>\n<p>                                    <a class=\"fig-a11y-skip a11y-hidden\" href=\"#fig-a11y-skip-main-inarticle\"><br \/>\n        Passer la publicit\u00e9<br \/>\n    <\/a><\/p>\n<p>Soup\u00e7on de fraude<\/p>\n<p class=\"fig-paragraph\">\u00abCook doit d\u00e9missionner d\u00e8s maintenant!\u00bb, a \u00e9crit le pr\u00e9sident am\u00e9ricain, partageant un article de Bloomberg, dans lequel l\u2019agence d\u2019information financi\u00e8re rapporte des accusations venant du responsable de l\u2019Agence de financement du logement (FHFA), Bill Pulte. Ce dernier avance que Lisa Cook aurait \u00abfalsifi\u00e9 des documents de banque et des registres de propri\u00e9t\u00e9 afin d\u2019obtenir des conditions d\u2019emprunt favorables\u00bb pour deux pr\u00eats immobiliers, a rapport\u00e9 l\u2019agence sp\u00e9cialis\u00e9e Bloomberg.<\/p>\n<p class=\"fig-paragraph\">Le directeur de la FHFA a demand\u00e9 dans la foul\u00e9e au d\u00e9partement de la Justice d&rsquo;ouvrir une enqu\u00eate visant Lisa Cook, estimant qu&rsquo;une \u00abfraude au pr\u00eat immobilier rel\u00e8ve de la l\u00e9gislation p\u00e9nale\u00bb, selon le document reproduit par l&rsquo;agence de presse. La d\u00e9mission de Lisa Cook permettrait \u00e0 Donald Trump de renforcer son contr\u00f4le sur la Fed en disposant de deux si\u00e8ges \u00e0 renouveler, pour y d\u00e9signer des personnalit\u00e9s \u00e9conomiques plus en ligne avec sa politique.<\/p>\n<p>Attaques contre Jerome Powell<\/p>\n<p class=\"fig-paragraph\">Le pr\u00e9sident am\u00e9ricain a attaqu\u00e9 \u00e0 plusieurs reprises le pr\u00e9sident de la Fed, Jerome Powell, selon lui \u00abtrop lent\u00bb \u00e0 baisser les taux d&rsquo;int\u00e9r\u00eat. \u00abQuelqu&rsquo;un pourrait dire \u00e0 \u201cTrop lent\u201d Powell qu&rsquo;il ab\u00eeme le secteur de la construction? Les gens n&rsquo;ont plus acc\u00e8s aux pr\u00eats immobiliers, tout pointe vers la n\u00e9cessit\u00e9 d&rsquo;une importante baisse des taux. \u201cTrop lent\u201d catastrophe\u00bb, a de nouveau \u00e9crit mardi soir Donald Trump, sur son compte Truth Social.<\/p>\n<p class=\"fig-paragraph\">Le choix de son successeur est une nomination hautement strat\u00e9gique, \u00e0 l&rsquo;heure o\u00f9 la guerre douani\u00e8re lanc\u00e9e par le pr\u00e9sident am\u00e9ricain rend les perspectives \u00e9conomiques incertaines. Selon\u00a0<a href=\"http:\/\/www.lefigaro.fr\/flash-eco\/bessent-pas-de-raison-pour-le-patron-de-la-fed-de-demissionner-20250722\" target=\"_blank\" data-fig-type=\"NewsFlash\" rel=\"noopener nofollow\" data-gtm-custom-categorie=\"navigation\" data-gtm-custom-action=\"crossclick\" data-gtm-custom-label=\"Contextuel\" data-gtm-event=\"customEventSPE\" data-fig-domain=\"LEFIGARO\">le secr\u00e9taire au Tr\u00e9sor Scott Bessent<\/a>, le gouvernement am\u00e9ricain dispose de onze candidats pour le poste, parmi lesquels il compte pr\u00e9senter plusieurs noms \u00e0 Donald Trump d\u00e9but septembre.<\/p>\n<p class=\"fig-paragraph\">Parmi les personnalit\u00e9s vues comme de potentiels successeurs de Jerome Powell, l&rsquo;actuel principal conseiller \u00e0 l&rsquo;\u00e9conomie du pr\u00e9sident am\u00e9ricain, Kevin Hasset, ou un ancien membre de la Fed, Kevin Warsh, sont celles cit\u00e9es le plus r\u00e9guli\u00e8rement. Le pr\u00e9sident am\u00e9ricain a d\u00e9j\u00e0 profit\u00e9 de la d\u00e9mission d&rsquo;une autre responsable de la Fed, Adriana Kugler, pour nommer\u00a0<a href=\"http:\/\/www.lefigaro.fr\/conjoncture\/qui-est-stephen-miran-l-economiste-qui-murmure-a-l-oreille-de-donald-trump-20250326\" target=\"_blank\" data-fig-type=\"Article\" rel=\"noopener nofollow\" data-gtm-custom-categorie=\"navigation\" data-gtm-custom-action=\"crossclick\" data-gtm-custom-label=\"Contextuel\" data-gtm-event=\"customEventSPE\" data-fig-domain=\"LEFIGARO\">un de ses proches conseillers \u00e9conomiques, Stephen Miran<\/a>, avant le renouvellement pr\u00e9vu pour ce poste, fin janvier prochain. La nomination de Stephen Miran, qui conseillait jusqu&rsquo;ici le pr\u00e9sident et d\u00e9fendait sa politique \u00e9conomique dans les m\u00e9dias, doit encore \u00eatre confirm\u00e9e par le S\u00e9nat \u00e0 majorit\u00e9 r\u00e9publicaine.<\/p>\n","protected":false},"excerpt":{"rendered":"M\u00e9content de la politique mon\u00e9taire men\u00e9e par la R\u00e9serve f\u00e9d\u00e9rale (Fed), le pr\u00e9sident am\u00e9ricain Donald Trump souhaite renforcer&hellip;\n","protected":false},"author":2,"featured_media":331962,"comment_status":"","ping_status":"","sticky":false,"template":"","format":"standard","meta":{"footnotes":""},"categories":[1589],"tags":[11,75,73,1866,7512,10797,12,1864,1865,1863,308],"class_list":{"0":"post-331961","1":"post","2":"type-post","3":"status-publish","4":"format-standard","5":"has-post-thumbnail","7":"category-etats-unis","8":"tag-actualites","9":"tag-donald-trump","10":"tag-etats-unis","11":"tag-etats-unis-damerique","12":"tag-fed","13":"tag-jerome-powell","14":"tag-news","15":"tag-united-states","16":"tag-united-states-of-america","17":"tag-us","18":"tag-usa"},"share_on_mastodon":{"url":"https:\/\/pubeurope.com\/@fr\/115062024793984058","error":""},"_links":{"self":[{"href":"https:\/\/www.europesays.com\/fr\/wp-json\/wp\/v2\/posts\/331961","targetHints":{"allow":["GET"]}}],"collection":[{"href":"https:\/\/www.europesays.com\/fr\/wp-json\/wp\/v2\/posts"}],"about":[{"href":"https:\/\/www.europesays.com\/fr\/wp-json\/wp\/v2\/types\/post"}],"author":[{"embeddable":true,"href":"https:\/\/www.europesays.com\/fr\/wp-json\/wp\/v2\/users\/2"}],"replies":[{"embeddable":true,"href":"https:\/\/www.europesays.com\/fr\/wp-json\/wp\/v2\/comments?post=331961"}],"version-history":[{"count":0,"href":"https:\/\/www.europesays.com\/fr\/wp-json\/wp\/v2\/posts\/331961\/revisions"}],"wp:featuredmedia":[{"embeddable":true,"href":"https:\/\/www.europesays.com\/fr\/wp-json\/wp\/v2\/media\/331962"}],"wp:attachment":[{"href":"https:\/\/www.europesays.com\/fr\/wp-json\/wp\/v2\/media?parent=331961"}],"wp:term":[{"taxonomy":"category","embeddable":true,"href":"https:\/\/www.europesays.com\/fr\/wp-json\/wp\/v2\/categories?post=331961"},{"taxonomy":"post_tag","embeddable":true,"href":"https:\/\/www.europesays.com\/fr\/wp-json\/wp\/v2\/tags?post=331961"}],"curies":[{"name":"wp","href":"https:\/\/api.w.org\/{rel}","templated":true}]}}