{"id":331965,"date":"2025-08-20T16:26:14","date_gmt":"2025-08-20T16:26:14","guid":{"rendered":"https:\/\/www.europesays.com\/fr\/331965\/"},"modified":"2025-08-20T16:26:14","modified_gmt":"2025-08-20T16:26:14","slug":"tour-dallemagne-2025-soren-waerenskjold-est-le-plus-rapide-dans-le-prologue","status":"publish","type":"post","link":"https:\/\/www.europesays.com\/fr\/331965\/","title":{"rendered":"Tour d&rsquo;Allemagne 2025, S\u00f8ren W\u00e6renskjold est le plus rapide dans le prologue"},"content":{"rendered":"<p><img width=\"780\" height=\"470\" src=\"https:\/\/www.europesays.com\/fr\/wp-content\/uploads\/2025\/08\/Waerenskjold-Prologo-Giro-di-Germania-2025-780x470.jpg\" class=\"attachment-jannah-image-post size-jannah-image-post wp-post-image\" alt=\"\" data-main-img=\"1\" decoding=\"async\" fetchpriority=\"high\"\/><\/p>\n<p>\t\t\t<a href=\"https:\/\/track.effiliation.com\/servlet\/effi.click?id_compteur=23174807\" target=\"_blank\" rel=\"nofollow noopener\">&#13;<br \/>\n    <img decoding=\"async\" src=\"https:\/\/www.europesays.com\/fr\/wp-content\/uploads\/2025\/08\/effi.show\" alt=\"pub\" border=\"0\"\/>&#13;<br \/>\n<\/a><\/p>\n<p>S\u00f8ren W\u00e6renskjold premier leader du Tour d\u2019Allemagne 2025. Le Norv\u00e9gien d\u2019Uno-X Mobility a \u00e9t\u00e9 le plus rapide \u00e0 parcourir les 3100 m\u00e8tres du prologue d\u2019Essen qui a ouvert la course \u00e0 \u00e9tapes allemande.<\/p>\n<p>Plus d\u2019informations suivront.<\/p>\n<p>R\u00e9sultats et classements Prologue Tour d\u2019Allemagne 2025<\/p>\n<p>.<\/p>\n","protected":false},"excerpt":{"rendered":"&#13; &#13; S\u00f8ren W\u00e6renskjold premier leader du Tour d\u2019Allemagne 2025. Le Norv\u00e9gien d\u2019Uno-X Mobility a \u00e9t\u00e9 le plus&hellip;\n","protected":false},"author":2,"featured_media":331966,"comment_status":"","ping_status":"","sticky":false,"template":"","format":"standard","meta":{"footnotes":""},"categories":[1587],"tags":[11,672,1804,1805,1803,1777,674,1801,12,1802],"class_list":{"0":"post-331965","1":"post","2":"type-post","3":"status-publish","4":"format-standard","5":"has-post-thumbnail","7":"category-allemagne","8":"tag-actualites","9":"tag-allemagne","10":"tag-bundesrepublik-deutschland","11":"tag-de","12":"tag-deutschland","13":"tag-eu","14":"tag-europe","15":"tag-germany","16":"tag-news","17":"tag-republique-federale-dallemagne"},"share_on_mastodon":{"url":"https:\/\/pubeurope.com\/@fr\/115062032698925657","error":""},"_links":{"self":[{"href":"https:\/\/www.europesays.com\/fr\/wp-json\/wp\/v2\/posts\/331965","targetHints":{"allow":["GET"]}}],"collection":[{"href":"https:\/\/www.europesays.com\/fr\/wp-json\/wp\/v2\/posts"}],"about":[{"href":"https:\/\/www.europesays.com\/fr\/wp-json\/wp\/v2\/types\/post"}],"author":[{"embeddable":true,"href":"https:\/\/www.europesays.com\/fr\/wp-json\/wp\/v2\/users\/2"}],"replies":[{"embeddable":true,"href":"https:\/\/www.europesays.com\/fr\/wp-json\/wp\/v2\/comments?post=331965"}],"version-history":[{"count":0,"href":"https:\/\/www.europesays.com\/fr\/wp-json\/wp\/v2\/posts\/331965\/revisions"}],"wp:featuredmedia":[{"embeddable":true,"href":"https:\/\/www.europesays.com\/fr\/wp-json\/wp\/v2\/media\/331966"}],"wp:attachment":[{"href":"https:\/\/www.europesays.com\/fr\/wp-json\/wp\/v2\/media?parent=331965"}],"wp:term":[{"taxonomy":"category","embeddable":true,"href":"https:\/\/www.europesays.com\/fr\/wp-json\/wp\/v2\/categories?post=331965"},{"taxonomy":"post_tag","embeddable":true,"href":"https:\/\/www.europesays.com\/fr\/wp-json\/wp\/v2\/tags?post=331965"}],"curies":[{"name":"wp","href":"https:\/\/api.w.org\/{rel}","templated":true}]}}