{"id":331969,"date":"2025-08-20T16:28:10","date_gmt":"2025-08-20T16:28:10","guid":{"rendered":"https:\/\/www.europesays.com\/fr\/331969\/"},"modified":"2025-08-20T16:28:10","modified_gmt":"2025-08-20T16:28:10","slug":"une-bataille-daioli-dans-la-bonne-humeur-a-eu-lieu-sur-le-port-vieux-de-la-ciotat","status":"publish","type":"post","link":"https:\/\/www.europesays.com\/fr\/331969\/","title":{"rendered":"Une bataille d&rsquo;a\u00efoli dans la bonne humeur a eu lieu sur le Port Vieux de La Ciotat"},"content":{"rendered":"<p>Pr\u00e9parer un <a href=\"https:\/\/www.laprovence.com\/article\/edition-martigues-istres\/2988545\/comment-reussir-un-bon-aioli.htmlhttps:\/\/www.laprovence.com\/article\/sports\/3511100\/un-bon-aioli-cest-tout-un-art.html\" target=\"_blank\" rel=\"noopener\">bon a\u00efoli<\/a> n\u2019est pas donn\u00e9 \u00e0 tout le monde. Les candidats du concours qui s\u2019est tenu mardi 19\u00a0ao\u00fbt sur la <a href=\"https:\/\/www.laprovence.com\/article\/societe\/19523248365853\/les-joueurs-de-la-ciotat-echecs-partagent-leur-passion-sur-la-place-de-l-escalet-tout-l-ete\" target=\"_blank\" rel=\"noopener\">place de l\u2019Escalet<\/a> peuvent en t\u00e9moigner. \u00c0 19 h, une odeur d\u2019ail se r\u00e9pand dans l\u2019air alors que les derniers spectateurs se pr\u00e9sentent au bord du quai.<\/p>\n<p>Face \u00e0 eux, deux tables. L\u2019une contient 10 postes de travail sur lesquels se trouvent un mortier et un pilon en bois, trois a\u00efets (petites pousses d\u2019ail), des \u0153ufs, une bouteille d<a href=\"https:\/\/www.laprovence.com\/article\/region\/56431957961073\/30-e-le-prix-moyen-du-litre-comment-lhuile-d-olive-made-in-france-est-devenue-un-produit-de-luxe\" target=\"_blank\" rel=\"noopener\">\u2019huile d\u2019olive<\/a> et un tablier. Sur l\u2019autre se trouvent des ails \u00e0 la vente.<\/p>\n<p>\u00ab\u00a0Il n&rsquo;y a plus de places\u00a0\u00bb<\/p>\n<p>10 personnes doivent r\u00e9aliser le meilleur a\u00efoli possible avant de pouvoir les d\u00e9guster avec le public. \u00ab\u00a0O\u00f9 est-ce qu\u2019on peut manger de l\u2019a\u00efoli\u00a0?\u00a0\u00bb demande Yannick, 37\u00a0ans.<\/p>\n","protected":false},"excerpt":{"rendered":"Pr\u00e9parer un bon a\u00efoli n\u2019est pas donn\u00e9 \u00e0 tout le monde. Les candidats du concours qui s\u2019est tenu&hellip;\n","protected":false},"author":2,"featured_media":331970,"comment_status":"","ping_status":"","sticky":false,"template":"","format":"standard","meta":{"footnotes":""},"categories":[1586],"tags":[17,11,24997,11690,46920,1446,1777,674,1779,1011,27,23981,7018,12,16,25,1778,96,364],"class_list":{"0":"post-331969","1":"post","2":"type-post","3":"status-publish","4":"format-standard","5":"has-post-thumbnail","7":"category-europe","8":"tag-17","9":"tag-actualites","10":"tag-bataille","11":"tag-bonne","12":"tag-daioli","13":"tag-dans","14":"tag-eu","15":"tag-europe","16":"tag-european-union","17":"tag-fr","18":"tag-france","19":"tag-humeur","20":"tag-lieu","21":"tag-news","22":"tag-region","23":"tag-republique-francaise","24":"tag-ue","25":"tag-une","26":"tag-union-europeenne"},"share_on_mastodon":{"url":"https:\/\/pubeurope.com\/@fr\/115062040521294453","error":""},"_links":{"self":[{"href":"https:\/\/www.europesays.com\/fr\/wp-json\/wp\/v2\/posts\/331969","targetHints":{"allow":["GET"]}}],"collection":[{"href":"https:\/\/www.europesays.com\/fr\/wp-json\/wp\/v2\/posts"}],"about":[{"href":"https:\/\/www.europesays.com\/fr\/wp-json\/wp\/v2\/types\/post"}],"author":[{"embeddable":true,"href":"https:\/\/www.europesays.com\/fr\/wp-json\/wp\/v2\/users\/2"}],"replies":[{"embeddable":true,"href":"https:\/\/www.europesays.com\/fr\/wp-json\/wp\/v2\/comments?post=331969"}],"version-history":[{"count":0,"href":"https:\/\/www.europesays.com\/fr\/wp-json\/wp\/v2\/posts\/331969\/revisions"}],"wp:featuredmedia":[{"embeddable":true,"href":"https:\/\/www.europesays.com\/fr\/wp-json\/wp\/v2\/media\/331970"}],"wp:attachment":[{"href":"https:\/\/www.europesays.com\/fr\/wp-json\/wp\/v2\/media?parent=331969"}],"wp:term":[{"taxonomy":"category","embeddable":true,"href":"https:\/\/www.europesays.com\/fr\/wp-json\/wp\/v2\/categories?post=331969"},{"taxonomy":"post_tag","embeddable":true,"href":"https:\/\/www.europesays.com\/fr\/wp-json\/wp\/v2\/tags?post=331969"}],"curies":[{"name":"wp","href":"https:\/\/api.w.org\/{rel}","templated":true}]}}