{"id":331976,"date":"2025-08-20T16:34:13","date_gmt":"2025-08-20T16:34:13","guid":{"rendered":"https:\/\/www.europesays.com\/fr\/331976\/"},"modified":"2025-08-20T16:34:13","modified_gmt":"2025-08-20T16:34:13","slug":"quand-deux-stars-des-bleues-evoquent-leurs-debuts-dans-le-rugby-aux-cotes-de-moefana","status":"publish","type":"post","link":"https:\/\/www.europesays.com\/fr\/331976\/","title":{"rendered":"quand deux stars des Bleues \u00e9voquent leurs d\u00e9buts dans le rugby aux c\u00f4t\u00e9s de Moefana"},"content":{"rendered":"<p>La Nouvelle-Cal\u00e9donie fournit r\u00e9guli\u00e8rement des joueurs de grands talents au XV de France. Entour\u00e9e de pays o\u00f9 le rugby est une religion, l\u2019\u00eele d\u2019Oc\u00e9anie est un des bastions du ballon ovale. Ces derni\u00e8res ann\u00e9es, certains des meilleurs joueurs des Bleus en sont les repr\u00e9sentants, de Peato Mauvaka \u00e0 Yoram Moefana en passant par Sipili Falatea.<\/p>\n<p>Des premiers pas en commun<\/p>\n<p>Le cas est \u00e9galement vrai pour les Bleues, o\u00f9 Manae Feleu, la capitaine, et sa petite s\u0153ur Teani, pr\u00e9parent actuellement la Coupe du monde en Angleterre. Pour <a href=\"https:\/\/www.sudouest.fr\/sport\/rugby\/xv-de-france-feminin\/coupe-du-monde-feminine-de-rugby-quand-les-soeurs-feleu-jouaient-avec-yoram-moefana-25583875.php\" rel=\"nofollow noopener\" target=\"_blank\">Sud-Ouest<\/a>, ces derni\u00e8res sont revenues sur leurs premiers pas dans le rugby. Entra\u00een\u00e9s par leur p\u00e8re, elles y ont fait la rencontre d\u2019un certain Yoram Moefana, comme le raconte l\u2019a\u00een\u00e9e.<\/p>\n<blockquote>\n<p>\u00ab\u00a0J\u2019ai commenc\u00e9 le rugby en moins de 11\u00a0ans. C\u2019est \u00e0 partir de ce moment-l\u00e0 que j\u2019ai jou\u00e9 avec Yoram. On est de la m\u00eame ann\u00e9e, donc on a fait quelques cat\u00e9gories d\u2019\u00e2ge ensemble. Teani \u00e9tait un peu plus jeune mais on s\u2019entra\u00eenait tous ensemble. Dans les \u00eeles, il n\u2019y a pas vraiment d\u2019entra\u00eenement en fonction de l\u2019\u00e2ge.\u00a0\u00bb<\/p>\n<\/blockquote>\n<p>Le centre de l\u2019Union Bordeaux-B\u00e8gles, auteur d\u2019une saison XXL, se rappelle bien de leur p\u00e8re\u00a0: \u00a0\u00ab\u00a0Je ne garde que de bons souvenirs de cette p\u00e9riode. On s\u2019entra\u00eenait tous ensemble, les filles et les gar\u00e7ons. Le p\u00e8re de Manae et Teani \u00e9tait notre premier entra\u00eeneur. Mais il ne faisait pas de distinction entre nous, et s\u00fbrement pas de favoritisme.\u00a0\u00bb En pleine pr\u00e9paration avant la reprise de la saison de Top 14, Moefana aura sans doute un regard passionn\u00e9 sur le Mondial des Bleues.<\/p>\n<p>Partagez cette info avec vos amis et vos proches en cliquant ici<br \/>Pour r\u00e9sumer<\/p>\n<p>Deux cadres du XV de France f\u00e9minin se sont confi\u00e9es pour Sud-Ouest sur leurs premiers pas dans le rugby en Nouvelle-Cal\u00e9donie, aux c\u00f4t\u00e9s d\u2019un certain Yoram Moefana. Le centre de l&rsquo;UBB a d\u00e9but\u00e9 avec les soeurs Feleu.<\/p>\n<p> <img decoding=\"async\" width=\"76\" height=\"76\" loading=\"lazy\" src=\"https:\/\/www.europesays.com\/fr\/wp-content\/uploads\/2025\/04\/avatar-quinze.png\" alt=\"Arnaud D\u00e9chelotte\"\/><\/p>\n","protected":false},"excerpt":{"rendered":"La Nouvelle-Cal\u00e9donie fournit r\u00e9guli\u00e8rement des joueurs de grands talents au XV de France. Entour\u00e9e de pays o\u00f9 le&hellip;\n","protected":false},"author":2,"featured_media":331977,"comment_status":"","ping_status":"","sticky":false,"template":"","format":"standard","meta":{"footnotes":""},"categories":[1416],"tags":[1011,27,479,1468,60],"class_list":{"0":"post-331976","1":"post","2":"type-post","3":"status-publish","4":"format-standard","5":"has-post-thumbnail","7":"category-rugby","8":"tag-fr","9":"tag-france","10":"tag-rugby","11":"tag-rugby-football","12":"tag-sports"},"share_on_mastodon":{"url":"https:\/\/pubeurope.com\/@fr\/115062064182411706","error":""},"_links":{"self":[{"href":"https:\/\/www.europesays.com\/fr\/wp-json\/wp\/v2\/posts\/331976","targetHints":{"allow":["GET"]}}],"collection":[{"href":"https:\/\/www.europesays.com\/fr\/wp-json\/wp\/v2\/posts"}],"about":[{"href":"https:\/\/www.europesays.com\/fr\/wp-json\/wp\/v2\/types\/post"}],"author":[{"embeddable":true,"href":"https:\/\/www.europesays.com\/fr\/wp-json\/wp\/v2\/users\/2"}],"replies":[{"embeddable":true,"href":"https:\/\/www.europesays.com\/fr\/wp-json\/wp\/v2\/comments?post=331976"}],"version-history":[{"count":0,"href":"https:\/\/www.europesays.com\/fr\/wp-json\/wp\/v2\/posts\/331976\/revisions"}],"wp:featuredmedia":[{"embeddable":true,"href":"https:\/\/www.europesays.com\/fr\/wp-json\/wp\/v2\/media\/331977"}],"wp:attachment":[{"href":"https:\/\/www.europesays.com\/fr\/wp-json\/wp\/v2\/media?parent=331976"}],"wp:term":[{"taxonomy":"category","embeddable":true,"href":"https:\/\/www.europesays.com\/fr\/wp-json\/wp\/v2\/categories?post=331976"},{"taxonomy":"post_tag","embeddable":true,"href":"https:\/\/www.europesays.com\/fr\/wp-json\/wp\/v2\/tags?post=331976"}],"curies":[{"name":"wp","href":"https:\/\/api.w.org\/{rel}","templated":true}]}}