{"id":331980,"date":"2025-08-20T16:36:37","date_gmt":"2025-08-20T16:36:37","guid":{"rendered":"https:\/\/www.europesays.com\/fr\/331980\/"},"modified":"2025-08-20T16:36:37","modified_gmt":"2025-08-20T16:36:37","slug":"la-ligue-regionale-de-la-guadeloupe-sous-la-tutelle-de-la-federation-francaise","status":"publish","type":"post","link":"https:\/\/www.europesays.com\/fr\/331980\/","title":{"rendered":"la ligue r\u00e9gionale de la Guadeloupe sous la tutelle de la F\u00e9d\u00e9ration fran\u00e7aise"},"content":{"rendered":"<p>Le basket guadeloup\u00e9en se rel\u00e8vera-t-il de la crise actuelle, qui s\u00e9vit depuis plusieurs mois, entre la Ligue, priv\u00e9e de pr\u00e9sident, et les pr\u00e9sidents de clubs ? La F\u00e9d\u00e9ration fran\u00e7aise, qui a tent\u00e9 de mettre de l\u2019ordre dans ce conflit, d\u2019abord en d\u00e9signant des administrateurs provisoires, s\u2019est heurt\u00e9e \u00e0 un mur. En cette p\u00e9riode de rentr\u00e9e, l\u2019heure est pourtant venue de parler projet et calendrier.<\/p>\n<p>Face \u00e0 la situation catastrophique de la Ligue r\u00e9gionale de basketball de la Guadeloupe, la F\u00e9d\u00e9ration fran\u00e7aise a pris ses responsabilit\u00e9s\u00a0: cette instance nationale a plac\u00e9 la discipline sous tutelle.<\/p>\n<p>Le basket guadeloup\u00e9en, en effet, est au bord du gouffre. La situation financi\u00e8re de la discipline est critique localement. Et ce sport, qui compte pourtant de nombreux pratiquants dans l\u2019archipel, est au point mort, en l\u2019absence d\u2019un bureau directeur. Car la Ligue est un navire sans capitaine depuis plusieurs mois, \u00e0 cause d\u2019irr\u00e9gularit\u00e9s suppos\u00e9es, le 22 juin 2024, lors de l\u2019assembl\u00e9e \u00e9lective du nouveau pr\u00e9sident. Les pr\u00e9sidents de clubs ont rejet\u00e9 toutes les propositions de candidats potentiels, faites par le bureau. Pour faire entendre leurs griefs aupr\u00e8s de la F\u00e9d\u00e9ration fran\u00e7aise, ils se sont rassembl\u00e9s au sein d\u2019une association.<\/p>\n<p><strong>\u00c0 LIRE AUSSI :<\/strong> <a href=\"https:\/\/la1ere.franceinfo.fr\/guadeloupe\/la-ligue-regionale-de-la-guadeloupe-de-basketball-un-navire-sans-capitaine-1500506.html\" rel=\"nofollow noopener\" target=\"_blank\">La Ligue r\u00e9gionale de la Guadeloupe de basketball, un navire sans capitaine<\/a> \u2013 26\/06\/2024.<\/p>\n<p>Apr\u00e8s plusieurs \u00e9changes de courriers, la r\u00e9ponse de la FFB est donc tomb\u00e9e. En plus du placement sous tutelle, un audit a \u00e9t\u00e9 recommand\u00e9.<br \/>En attendant, deux anciens membres de la Ligue ont \u00e9t\u00e9 d\u00e9sign\u00e9s pour exp\u00e9dier les affaires courantes\u00a0; mais ces deux profils ont aussi \u00e9t\u00e9 refus\u00e9s par les dirigeants de clubs.<br \/>Depuis, c\u2019est le statu quo.\u00a0La F\u00e9d\u00e9ration ne donne plus de nouvelle, ni de directive.<\/p>\n<p>En ce mois de septembre, tous ceux qui font vivre le basketball en Guadeloupe sont en attente des calendriers et des projets de la Ligue. Est-ce en vain, se demandent passionn\u00e9s et licenci\u00e9s ?<\/p>\n","protected":false},"excerpt":{"rendered":"Le basket guadeloup\u00e9en se rel\u00e8vera-t-il de la crise actuelle, qui s\u00e9vit depuis plusieurs mois, entre la Ligue, priv\u00e9e&hellip;\n","protected":false},"author":2,"featured_media":331981,"comment_status":"","ping_status":"","sticky":false,"template":"","format":"standard","meta":{"footnotes":""},"categories":[1414],"tags":[1465,1464,1011,27,60],"class_list":{"0":"post-331980","1":"post","2":"type-post","3":"status-publish","4":"format-standard","5":"has-post-thumbnail","7":"category-basket","8":"tag-basket","9":"tag-basketball","10":"tag-fr","11":"tag-france","12":"tag-sports"},"share_on_mastodon":{"url":"https:\/\/pubeurope.com\/@fr\/115062071950103867","error":""},"_links":{"self":[{"href":"https:\/\/www.europesays.com\/fr\/wp-json\/wp\/v2\/posts\/331980","targetHints":{"allow":["GET"]}}],"collection":[{"href":"https:\/\/www.europesays.com\/fr\/wp-json\/wp\/v2\/posts"}],"about":[{"href":"https:\/\/www.europesays.com\/fr\/wp-json\/wp\/v2\/types\/post"}],"author":[{"embeddable":true,"href":"https:\/\/www.europesays.com\/fr\/wp-json\/wp\/v2\/users\/2"}],"replies":[{"embeddable":true,"href":"https:\/\/www.europesays.com\/fr\/wp-json\/wp\/v2\/comments?post=331980"}],"version-history":[{"count":0,"href":"https:\/\/www.europesays.com\/fr\/wp-json\/wp\/v2\/posts\/331980\/revisions"}],"wp:featuredmedia":[{"embeddable":true,"href":"https:\/\/www.europesays.com\/fr\/wp-json\/wp\/v2\/media\/331981"}],"wp:attachment":[{"href":"https:\/\/www.europesays.com\/fr\/wp-json\/wp\/v2\/media?parent=331980"}],"wp:term":[{"taxonomy":"category","embeddable":true,"href":"https:\/\/www.europesays.com\/fr\/wp-json\/wp\/v2\/categories?post=331980"},{"taxonomy":"post_tag","embeddable":true,"href":"https:\/\/www.europesays.com\/fr\/wp-json\/wp\/v2\/tags?post=331980"}],"curies":[{"name":"wp","href":"https:\/\/api.w.org\/{rel}","templated":true}]}}