{"id":331984,"date":"2025-08-20T16:38:16","date_gmt":"2025-08-20T16:38:16","guid":{"rendered":"https:\/\/www.europesays.com\/fr\/331984\/"},"modified":"2025-08-20T16:38:16","modified_gmt":"2025-08-20T16:38:16","slug":"le-club-de-leon-marchand-annonce-que-la-cite-de-la-natation-son-projet-a-33-millions-deuros-devrait-ouvrir-debut-2028-a-toulouse-lequipe","status":"publish","type":"post","link":"https:\/\/www.europesays.com\/fr\/331984\/","title":{"rendered":"Le club de L\u00e9on Marchand annonce que la Cit\u00e9 de la natation, son projet \u00e0 33 millions d&#039;euros, devrait ouvrir d\u00e9but 2028 \u00e0 Toulouse &#8211; L&#039;\u00c9quipe"},"content":{"rendered":"<ol>\n<li><a href=\"https:\/\/news.google.com\/rss\/articles\/CBMijAJBVV95cUxNLTBCZ1FBM1dlaGM0eENGZVdNTFN6R0h2T00temczcDEwUmFPOXdHVEVxcjhndUVXZXRRMW1HRV92bDFYUUZZdkZyZTBWUzNFY29rNDYwVldFcHA5cEgxRENwU01BNlE3RVJSR3FDaS1hcnNReVlIQ2xCVlZlZVo4M0tad2djUE5ZLWVRQ080Y2FZcGJINWtselU3UkVFVTJsZ0lLbmNEUHUtb1pSLWI4U2d5YzZQanpHMV9SSlFLQXNQUmJub3VmTk9zUzU4TzdhMHRpcFhiN0s3WmZ0RDFyUFhSVVlSYXkxSkJQQ3Azb2dzVHpLTF9CZWw1bUZxZ09OSTVpR3JSb3ptNDZ1?oc=5\" target=\"_blank\" rel=\"nofollow noopener\">Le club de L\u00e9on Marchand annonce que la Cit\u00e9 de la natation, son projet \u00e0 33 millions d&rsquo;euros, devrait ouvrir d\u00e9but 2028 \u00e0 Toulouse<\/a>&nbsp;&nbsp;L&rsquo;\u00c9quipe<\/li>\n<li><a href=\"https:\/\/news.google.com\/rss\/articles\/CBMi5gFBVV95cUxNOGhMSkpvNlFTczhQSEtJQmM1cjdSdnpqWHpvY1ROMXhkUFdkd0NKN3lxTDBBenJtbzFkN3d4T1FwamdVUm5sRGdqNFV5bkxXME9PdXBpU1c4V3dON1FkWXA4S0Nva0tZdFZ3Z3g2enJWc3lucEl3OUZjaENOdUdzWW1ySlpCT2gyVkduUGstcHlSWjZCSVB2Rk1zQWM1OTBYTkRfQmV0TzQtZ2ZpRm84QXk4WUcwX2wyODlGMFZoNnJod2s0cEpES3NuQXlwSmthWmpodjVsRW9mbWpSUmNlUm1CWkx0UQ?oc=5\" target=\"_blank\" rel=\"nofollow noopener\">Bassin olympique sur le toit et architecture futuriste : \u00e0 Toulouse, le projet fou de Cit\u00e9 de la natation<\/a>&nbsp;&nbsp;ladepeche.fr<\/li>\n<li><a href=\"https:\/\/news.google.com\/rss\/articles\/CBMi4gFBVV95cUxQUXB5YWxZSG1wazdyZ00xZXZQZVJELUpKSktOdjluSU1JLWNBdlRTODRIN05rUnpFNGxGbjFBUk5xdU9jbmE4SUdqQUdOLTlIeEZwcW9QVnNuai15dDItMDRjaDJMTkwwLXlQRF9HT0VmbXdvci1nX1hqZURJYWJVbnhIU1BsaEh0WU1mZFBGdDBfb1JncHZuUzFYWHNpbDhvZTlqX2xqcWt1TlF1VnpydE4xcXY2eWdrMGV3WExxX3YtMm5fMXQxcnBhYnJvZmRsTW56MmZjYjBEOEdlWnp4d3hR?oc=5\" target=\"_blank\" rel=\"nofollow noopener\">\u00abUn bassin L\u00e9on Marchand\u00bb : \u00e0 Toulouse, la Cit\u00e9 de la natation devrait ouvrir ses portes d\u00e9but 2028<\/a>&nbsp;&nbsp;Le Figaro<\/li>\n<li><a href=\"https:\/\/news.google.com\/rss\/articles\/CBMiygFBVV95cUxQeWV4WmM1MHFFNjRrN0p4eFpjRHQ4TW8xU2lUVkl3aU1oSkM5eDRMVnNUd2F5OW5EX3ZDeUR1U0VkWm9LRzRfWnREeWpuS2kzSjItR1lxZDlsbElTTzh6TVdyQ3dNbTZvMy1NbUtWZmRxaDlxUzZLN0RRSG1FbkdWQThCOGZCS2xfa2Z3RjJNZWs0cnVuZm5KVm1nS1hod2lHa0FfVlg2RmxNcUU1eE9nRWdYbEc4aFphUUFuekdwbWllemJTSHh5bFpR?oc=5\" target=\"_blank\" rel=\"nofollow noopener\">Cit\u00e9 de la natation \u00e0 Toulouse : d\u00e9but du chantier en 2026, ouverture esp\u00e9r\u00e9e en 2028<\/a>&nbsp;&nbsp;francebleu.fr<\/li>\n<li><a href=\"https:\/\/news.google.com\/rss\/articles\/CBMihAJBVV95cUxPV2JIVXIwaEw4SlI0eHBqV3Z6bXN0WDRuYTNPZHNpZnRHa2pZeVJQZDRJTGZFUmxibHZPLTJGZ05rOWJJWWxNd0JQbFByUFF0ZTNoZUFaanFLOXFvLXh3cXdhSVM3ZFNFT2ZEMXlwOFpYMXJ2eHhlcEF3VXk1OEpHMDJMT2Nxc1Ffc19OX25lMHhXUTdheEMzaDRVNzI4RkVobWE3M01DNUFVRW03TUdON09qNFk5NlRiOXY3LWh4d0NHcjhYR3ZZNVh2d2ZZa2QxYmdoNHl0Yjl4cHFQU3l1ZmpaQ2RQUnUwd0FERFAzVjJlaUFwMkYxVkpZWVNBM3NoMDBndg?oc=5\" target=\"_blank\" rel=\"nofollow noopener\">Le club formateur de L\u00e9on Marchand annonce ouvrir la Cit\u00e9 de la natation \u00e0 Toulouse d\u00e9but 2028<\/a>&nbsp;&nbsp;Ouest-France<\/li>\n<\/ol>\n","protected":false},"excerpt":{"rendered":"Le club de L\u00e9on Marchand annonce que la Cit\u00e9 de la natation, son projet \u00e0 33 millions d&rsquo;euros,&hellip;\n","protected":false},"author":2,"featured_media":331985,"comment_status":"","ping_status":"","sticky":false,"template":"","format":"standard","meta":{"footnotes":""},"categories":[1412],"tags":[1451,1452,1453,1454,1455,1011,27,60],"class_list":{"0":"post-331984","1":"post","2":"type-post","3":"status-publish","4":"format-standard","5":"has-post-thumbnail","7":"category-f1","8":"tag-f1","9":"tag-formula-1","10":"tag-formula1","11":"tag-formule-1","12":"tag-formule1","13":"tag-fr","14":"tag-france","15":"tag-sports"},"share_on_mastodon":{"url":"https:\/\/pubeurope.com\/@fr\/115062079802756296","error":""},"_links":{"self":[{"href":"https:\/\/www.europesays.com\/fr\/wp-json\/wp\/v2\/posts\/331984","targetHints":{"allow":["GET"]}}],"collection":[{"href":"https:\/\/www.europesays.com\/fr\/wp-json\/wp\/v2\/posts"}],"about":[{"href":"https:\/\/www.europesays.com\/fr\/wp-json\/wp\/v2\/types\/post"}],"author":[{"embeddable":true,"href":"https:\/\/www.europesays.com\/fr\/wp-json\/wp\/v2\/users\/2"}],"replies":[{"embeddable":true,"href":"https:\/\/www.europesays.com\/fr\/wp-json\/wp\/v2\/comments?post=331984"}],"version-history":[{"count":0,"href":"https:\/\/www.europesays.com\/fr\/wp-json\/wp\/v2\/posts\/331984\/revisions"}],"wp:featuredmedia":[{"embeddable":true,"href":"https:\/\/www.europesays.com\/fr\/wp-json\/wp\/v2\/media\/331985"}],"wp:attachment":[{"href":"https:\/\/www.europesays.com\/fr\/wp-json\/wp\/v2\/media?parent=331984"}],"wp:term":[{"taxonomy":"category","embeddable":true,"href":"https:\/\/www.europesays.com\/fr\/wp-json\/wp\/v2\/categories?post=331984"},{"taxonomy":"post_tag","embeddable":true,"href":"https:\/\/www.europesays.com\/fr\/wp-json\/wp\/v2\/tags?post=331984"}],"curies":[{"name":"wp","href":"https:\/\/api.w.org\/{rel}","templated":true}]}}