{"id":331988,"date":"2025-08-20T16:40:09","date_gmt":"2025-08-20T16:40:09","guid":{"rendered":"https:\/\/www.europesays.com\/fr\/331988\/"},"modified":"2025-08-20T16:40:09","modified_gmt":"2025-08-20T16:40:09","slug":"coup-de-poing-dans-la-bouche-scene-de-chaos-benatia-detaille-laltercation-entre-rabiot-et-rowe","status":"publish","type":"post","link":"https:\/\/www.europesays.com\/fr\/331988\/","title":{"rendered":"\u00ab\u00a0coup de poing dans la bouche\u00a0\u00bb, \u00ab\u00a0sc\u00e8ne de chaos\u00a0\u00bb, Benatia d\u00e9taille l&rsquo;altercation entre Rabiot et Rowe"},"content":{"rendered":"<p>Dans un entretien exclusif accord\u00e9 \u00e0 RMC Sport, le directeur sportif de l&rsquo;OM Mehdi Benatia s&rsquo;est confi\u00e9 sur l&rsquo;affaire qui agite le vestiaire olympien ces derniers jours, \u00e0 savoir l&rsquo;altercation entre Adrien Rabiot et Jonathan Rowe apr\u00e8s la d\u00e9faite \u00e0 Rennes (1-0) vendredi dernier lors de la premi\u00e8re journ\u00e9e de Ligue 1. Pour l&rsquo;ancien d\u00e9fenseur central, ce clash, qu&rsquo;il prend le temps de d\u00e9tailler, a pris des proportions \u00ab\u00a0jamais vues\u00a0\u00bb.<\/p>\n<p>Apr\u00e8s seulement une journ\u00e9e de Ligue 1, <a href=\"https:\/\/rmcsport.bfmtv.com\/football\/ligue-1\/om-du-reve-de-titre-au-chaos-comment-l-ete-des-marseillais-a-bascule_AV-202508190464.html\" title=\"OM: du r\u00eave de titre au chaos, comment l\u2019\u00e9t\u00e9 des Marseillais a bascul\u00e9\" class=\"internal_link\" rel=\"nofollow noopener\" target=\"_blank\">le vestiaire olympien est d\u00e9j\u00e0 sous le feu des projecteurs<\/a>. <a href=\"https:\/\/rmcsport.bfmtv.com\/football\/ligue-1\/direct-rennes-marseille-suivez-en-live-le-premier-match-de-la-saison-2025-2026-de-ligue-1_LS-202508150325.html\" title=\"Ligue 1: \u00c0 10 contre 11, Rennes arrache la victoire face \u00e0 Marseille au bout du temps r\u00e9glementaire\" class=\"internal_link\" rel=\"nofollow noopener\" target=\"_blank\">La d\u00e9faite inaugurale de l&rsquo;OM \u00e0 Rennes<\/a> vendredi dernier (1-0), alors que les Marseillais ont \u00e9volu\u00e9 \u00e0 11 contre 10 pendant pr\u00e8s d&rsquo;une heure, a eu des repercussions in\u00e9dites au sein du groupe de Roberto De Zerbi. L&rsquo;altercation entre <a href=\"https:\/\/rmcsport.bfmtv.com\/football\/ligue-1\/un-divorce-une-star-poussee-dehors-la-presse-francaise-sonnee-par-l-affaire-rabiot_AV-202508200215.html\" title=\"&quot;Un divorce&quot;, une &quot;star pouss\u00e9e dehors&quot;: la presse fran\u00e7aise sonn\u00e9e par &quot;l&#039;affaire Rabiot&quot;\" class=\"internal_link\" rel=\"nofollow noopener\" target=\"_blank\">Adrien Rabiot<\/a> et Jonathan Rowe, au centre de toutes les attentions ces derni\u00e8res heures, a conduit le club \u00e0 <a href=\"https:\/\/rmcsport.bfmtv.com\/football\/transferts\/mercato-l-om-place-officiellement-rabiot-et-rowe-sur-la-liste-des-transferts_AV-202508190472.html\" title=\"Mercato: l&#039;OM place officiellement Rabiot et Rowe sur la liste des transferts\" class=\"internal_link\" rel=\"nofollow noopener\" target=\"_blank\">placer les deux hommes sur la liste des transferts<\/a>. Une d\u00e9cision visant \u00ab\u00a0\u00e0 prot\u00e9ger l&rsquo;institution et prot\u00e9ger la saison\u00a0\u00bb, a expliqu\u00e9 ce mercredi <a href=\"https:\/\/rmcsport.bfmtv.com\/football\/clubs\/olympique-marseille\/om-un-evenement-d-une-violence-extreme-quelque-chose-d-inoui-pablo-longoria-sort-du-silence-sur-l-affaire-rabiot-rowe_AV-202508200357.html\" title=\"OM: &quot;Un \u00e9v\u00e8nement d&#039;une violence extr\u00eame, quelque chose d&#039;inoui&quot;, Pablo Longoria sort du silence sur l&#039;affaire Rabiot-Rowe\" class=\"internal_link\" rel=\"nofollow noopener\" target=\"_blank\">le pr\u00e9sident Pablo Longoria.<\/a><\/p>\n<p>\u00ab\u00a0Ca arrive de monter dans les tours, mais tu ne peux pas arriver \u00e0 une agression physique, un coup de poing dans la bouche\u00a0\u00bb<\/p>\n<p>Dans un long <a href=\"https:\/\/rmcsport.bfmtv.com\/football\/clubs\/olympique-marseille\/om-une-decision-qui-fait-mal-mais-on-est-obliges-de-trancher-les-verites-de-medhi-benatia-sur-l-affaire-rabiot-rowe_AV-202508200422.html\" title=\"OM: &quot;Une d\u00e9cision qui fait mal, mais on est oblig\u00e9s de trancher&quot;, les v\u00e9rit\u00e9s de Medhi Benatia sur l&#039;affaire Rabiot-Rowe\" class=\"internal_link\" rel=\"nofollow noopener\" target=\"_blank\">entretien exclusif accord\u00e9 \u00e0 RMC Sport et \u00e0 retrouver en int\u00e9gralit\u00e9 ici<\/a>, le directeur sportif Mehdi Benatia livre sa version des faits et revient, notamment, sur <a href=\"https:\/\/rmcsport.bfmtv.com\/football\/clubs\/olympique-marseille\/vous-allez-trop-loin-ca-degage-bravo-au-club-les-supporters-de-l-om-divises-par-l-affaire-rabiot-rowe_AV-202508200201.html\" title=\"&quot;Vous allez trop loin&quot;, &quot;\u00c7a d\u00e9gage, bravo au club&quot;: les supporters de l\u2019OM divis\u00e9s par l\u2019affaire Rabiot-Rowe\" class=\"internal_link\" rel=\"nofollow noopener\" target=\"_blank\">ce clash entre le Fran\u00e7ais et l&rsquo;Anglais<\/a> apr\u00e8s le coup de sifflet final. S&rsquo;il confesse \u00ab\u00a0ne pas vouloir tout d\u00e9voiler ce qui se passe dans le vestiaire\u00a0\u00bb, l&rsquo;ancien d\u00e9fenseur central livre tout de m\u00eame quelques pr\u00e9cisions sur <a href=\"https:\/\/rmcsport.bfmtv.com\/football\/clubs\/olympique-marseille\/om-ce-qu-on-sait-de-l-affaire-rabiot-rowe_AV-202508200136.html\" title=\"OM: ce qu\u2019on sait de l\u2019affaire Rabiot-Rowe\" class=\"internal_link\" rel=\"nofollow noopener\" target=\"_blank\">ce qu&rsquo;il s&rsquo;est pass\u00e9 entre les deux hommes<\/a>.<\/p>\n<p>\u00ab\u00a0Ce que je peux dire, c&rsquo;est qu&rsquo;il y a des joueurs cadres <a href=\"https:\/\/rmcsport.bfmtv.com\/football\/ligue-1\/rennes-om-ca-a-deja-chauffe-dans-le-vestiaire-marseillais-apres-la-defaite_AV-202508160182.html\" title=\"Rennes-OM: \u00c7a a (d\u00e9j\u00e0) chauff\u00e9 dans le vestiaire marseillais apr\u00e8s la d\u00e9faite\" class=\"internal_link\" rel=\"nofollow noopener\" target=\"_blank\">qui sont rentr\u00e9s frustr\u00e9s<\/a>, qui ont commenc\u00e9 \u00e0 faire des r\u00e9flexions \u00e0 l&rsquo;ensemble de l&rsquo;\u00e9quipe sur la d\u00e9faite, le comportement&#8230; Sur le fait qu&rsquo;on doit faire plus, qu&rsquo;on est l&rsquo;Olympique de Marseille. Tu ne peux pas te permettre d&rsquo;aller perdre comme \u00e7a contre une \u00e9quipe \u00e0 10 contre 11 depuis une heure. Jusque-l\u00e0, c&rsquo;\u00e9tait des mots, et puis apr\u00e8s \u00e7a se l\u00e8ve, \u00e7a crie. L\u00e0 normalement tu as toujours deux ou trois mecs qui viennent et qui s\u00e9parent, c&rsquo;est ce que certains ont essay\u00e9 de faire. Apr\u00e8s <a href=\"https:\/\/rmcsport.bfmtv.com\/football\/ligue-1\/video-om-c-est-lamentable-riolo-tacle-de-zerbi-qui-est-en-fusion-permanente_VN-202508180530.html\" title=\"OM : &quot;C&#039;est lamentable...&quot; Riolo tacle De Zerbi, qui est en &quot;fusion permanente&quot;\" class=\"internal_link\" rel=\"nofollow noopener\" target=\"_blank\">le coach<\/a> arrive, normalement tu reprends le calme, le coach prend la parole, explique qu&rsquo;il reste encore des matchs et puis voil\u00e0, la saison vient de d\u00e9marrer. L\u00e0 non, on est partis sur un affrontement physique, coup de poing&#8230; On a un petit (Darryl Bakola) qui, en plus, malheureusement \u00e0 ce moment-l\u00e0 fait une sorte de malaise vagal, qui tombe par terre. Tout \u00e7a dans un vestiaire, c&rsquo;est une sc\u00e8ne de chaos, j&rsquo;ai jamais vu \u00e7a. Ca arrive de monter dans les tours, mais tu ne peux pas arriver \u00e0 une agression physique, un coup de poing dans la bouche, et la s\u00e9curit\u00e9 qui vient pour te s\u00e9parer&#8230; Mais on est o\u00f9 ? On est l\u00e0 pour faire du football.\u00a0\u00bb<\/p>\n","protected":false},"excerpt":{"rendered":"Dans un entretien exclusif accord\u00e9 \u00e0 RMC Sport, le directeur sportif de l&rsquo;OM Mehdi Benatia s&rsquo;est confi\u00e9 sur&hellip;\n","protected":false},"author":2,"featured_media":331989,"comment_status":"","ping_status":"","sticky":false,"template":"","format":"standard","meta":{"footnotes":""},"categories":[1410],"tags":[63,1011,27,60],"class_list":{"0":"post-331988","1":"post","2":"type-post","3":"status-publish","4":"format-standard","5":"has-post-thumbnail","7":"category-football","8":"tag-football","9":"tag-fr","10":"tag-france","11":"tag-sports"},"share_on_mastodon":{"url":"https:\/\/pubeurope.com\/@fr\/115062087711376105","error":""},"_links":{"self":[{"href":"https:\/\/www.europesays.com\/fr\/wp-json\/wp\/v2\/posts\/331988","targetHints":{"allow":["GET"]}}],"collection":[{"href":"https:\/\/www.europesays.com\/fr\/wp-json\/wp\/v2\/posts"}],"about":[{"href":"https:\/\/www.europesays.com\/fr\/wp-json\/wp\/v2\/types\/post"}],"author":[{"embeddable":true,"href":"https:\/\/www.europesays.com\/fr\/wp-json\/wp\/v2\/users\/2"}],"replies":[{"embeddable":true,"href":"https:\/\/www.europesays.com\/fr\/wp-json\/wp\/v2\/comments?post=331988"}],"version-history":[{"count":0,"href":"https:\/\/www.europesays.com\/fr\/wp-json\/wp\/v2\/posts\/331988\/revisions"}],"wp:featuredmedia":[{"embeddable":true,"href":"https:\/\/www.europesays.com\/fr\/wp-json\/wp\/v2\/media\/331989"}],"wp:attachment":[{"href":"https:\/\/www.europesays.com\/fr\/wp-json\/wp\/v2\/media?parent=331988"}],"wp:term":[{"taxonomy":"category","embeddable":true,"href":"https:\/\/www.europesays.com\/fr\/wp-json\/wp\/v2\/categories?post=331988"},{"taxonomy":"post_tag","embeddable":true,"href":"https:\/\/www.europesays.com\/fr\/wp-json\/wp\/v2\/tags?post=331988"}],"curies":[{"name":"wp","href":"https:\/\/api.w.org\/{rel}","templated":true}]}}