{"id":331994,"date":"2025-08-20T16:43:11","date_gmt":"2025-08-20T16:43:11","guid":{"rendered":"https:\/\/www.europesays.com\/fr\/331994\/"},"modified":"2025-08-20T16:43:11","modified_gmt":"2025-08-20T16:43:11","slug":"craponne-sur-arzon-pierre-mazet-en-seance-de-dedicaces-le-23-aout-au-plaisir-des-mots","status":"publish","type":"post","link":"https:\/\/www.europesays.com\/fr\/331994\/","title":{"rendered":"Craponne-sur-Arzon. Pierre Mazet en s\u00e9ance de d\u00e9dicaces le 23\u00a0ao\u00fbt Au Plaisir des Mots"},"content":{"rendered":"<p>Pierre Mazet, auteur sp\u00e9cialis\u00e9 dans le polar, pr\u00e9sentera son dernier livre L\u2019Inconnu des Barricades , publi\u00e9 par les \u00e9ditions du Caiman. Fort de plus de 20 ans d\u2019exp\u00e9rience en \u00e9criture, Pierre Mazet s\u2019est concentr\u00e9 sur la p\u00e9riode de\u00a01830 \u00e0\u00a01834, p\u00e9riode marqu\u00e9e par des r\u00e9voltes \u00e0 Saint-\u00c9tienne et \u00e0 Lyon. L\u2019auteur sera chez notre d\u00e9positaire, la librairie Au Plaisir des Mots, samedi 23\u00a0ao\u00fbt d\u00e8s 9\u00a0heures.<\/p>\n","protected":false},"excerpt":{"rendered":"Pierre Mazet, auteur sp\u00e9cialis\u00e9 dans le polar, pr\u00e9sentera son dernier livre L\u2019Inconnu des Barricades , publi\u00e9 par les&hellip;\n","protected":false},"author":2,"featured_media":331995,"comment_status":"","ping_status":"","sticky":false,"template":"","format":"standard","meta":{"footnotes":""},"categories":[1357],"tags":[1379,22449,22450,1687,58,10446,59,1011,27,1380,2410],"class_list":{"0":"post-331994","1":"post","2":"type-post","3":"status-publish","4":"format-standard","5":"has-post-thumbnail","7":"category-livres","8":"tag-books","9":"tag-craponne-sur-arzon","10":"tag-craponne-sur-arzon-bassin","11":"tag-culture-loisirs","12":"tag-divertissement","13":"tag-edition-haute-loire","14":"tag-entertainment","15":"tag-fr","16":"tag-france","17":"tag-livres","18":"tag-livres-bd"},"share_on_mastodon":{"url":"https:\/\/pubeurope.com\/@fr\/115062099391850476","error":""},"_links":{"self":[{"href":"https:\/\/www.europesays.com\/fr\/wp-json\/wp\/v2\/posts\/331994","targetHints":{"allow":["GET"]}}],"collection":[{"href":"https:\/\/www.europesays.com\/fr\/wp-json\/wp\/v2\/posts"}],"about":[{"href":"https:\/\/www.europesays.com\/fr\/wp-json\/wp\/v2\/types\/post"}],"author":[{"embeddable":true,"href":"https:\/\/www.europesays.com\/fr\/wp-json\/wp\/v2\/users\/2"}],"replies":[{"embeddable":true,"href":"https:\/\/www.europesays.com\/fr\/wp-json\/wp\/v2\/comments?post=331994"}],"version-history":[{"count":0,"href":"https:\/\/www.europesays.com\/fr\/wp-json\/wp\/v2\/posts\/331994\/revisions"}],"wp:featuredmedia":[{"embeddable":true,"href":"https:\/\/www.europesays.com\/fr\/wp-json\/wp\/v2\/media\/331995"}],"wp:attachment":[{"href":"https:\/\/www.europesays.com\/fr\/wp-json\/wp\/v2\/media?parent=331994"}],"wp:term":[{"taxonomy":"category","embeddable":true,"href":"https:\/\/www.europesays.com\/fr\/wp-json\/wp\/v2\/categories?post=331994"},{"taxonomy":"post_tag","embeddable":true,"href":"https:\/\/www.europesays.com\/fr\/wp-json\/wp\/v2\/tags?post=331994"}],"curies":[{"name":"wp","href":"https:\/\/api.w.org\/{rel}","templated":true}]}}