{"id":332006,"date":"2025-08-20T16:49:10","date_gmt":"2025-08-20T16:49:10","guid":{"rendered":"https:\/\/www.europesays.com\/fr\/332006\/"},"modified":"2025-08-20T16:49:10","modified_gmt":"2025-08-20T16:49:10","slug":"laeticia-hallyday-julien-dore-patrick-sebastien-sen-melent","status":"publish","type":"post","link":"https:\/\/www.europesays.com\/fr\/332006\/","title":{"rendered":"Laeticia Hallyday, Julien Dor\u00e9, Patrick S\u00e9bastien s\u2019en m\u00ealent"},"content":{"rendered":"<p>      R\u00e9sum\u00e9<\/p>\n<p>Alexandra Rosenfeld a pris la parole pour raconter son v\u00e9cu de violences psychologiques pass\u00e9es, suscitant un large soutien parmi les personnalit\u00e9s et internautes.<\/p>\n<p>        Sommaire<\/p>\n<p>En avril dernier, une enqu\u00eate men\u00e9e par le magazine Elle et publi\u00e9e en avril mettait en lumi\u00e8re la face sombre de Jean Imbert. En effet, <strong>quatre femmes ont accus\u00e9 l\u2019un des restaurateurs d\u00e9couverts dans Top Chef de violences conjugales.<\/strong><\/p>\n<p>Quelques mois plus tard,<a href=\"https:\/\/www.public.fr\/lancienne-miss-france-alexandra-rosenfeld-parle-pour-la-toute-premiere-fois-de-son-ex-jean-imbert-et-des-violences-subies\" rel=\"nofollow noopener\" target=\"_blank\"> Alexandra Rosenfeld a d\u00e9cid\u00e9 de ne plus se cacher apr\u00e8s avoir t\u00e9moign\u00e9 sous un faux nom. <\/a>Ce mardi 19 ao\u00fbt, l\u2019ancienne reine de beaut\u00e9 a d\u00e9cid\u00e9 de parler de ce qu\u2019elle a v\u00e9cu sans nommer Jean Imbert m\u00eame si elle laisse comprendre qu\u2019il s\u2019agissait de lui.<\/p>\n<p><strong>\u00ab\u00a0Il y a plus de dix ans, j\u2019\u00e9tais avec quelqu\u2019un. Il m\u2019a mis un coup de t\u00eate, une fois. Mais bizarrement ce n\u2019est pas \u00e7a qui m\u2019a marqu\u00e9e.<\/strong> Ce qui m\u2019a ab\u00eem\u00e9e, c\u2019\u00e9tait tout ce qu\u2019il y avait autour. Le m\u00e9pris, les rabaissements, les silences, les mots parfaitement plac\u00e9s pour me faire douter de moi, de ma valeur. [\u2026] Ce que j\u2019ai v\u00e9cu c\u2019\u00e9tait de la violence\u00a0\u00bb, a \u00e9crit\u00a0la jeune maman.<\/p>\n<p>\u00ab\u00a0Quand j&rsquo;ai essay\u00e9 d&rsquo;alerter, de parler, j&rsquo;ai vu les regards se fermer. Je suis devenue l&rsquo;ex jalouse. Alors,<strong>\u00a0j&rsquo;ai continu\u00e9 ma vie<\/strong>. J&rsquo;ai mis de la distance. Du silence. J&rsquo;ai pardonn\u00e9. Je l&rsquo;ai pardonn\u00e9. Je me suis pardonn\u00e9e\u00a0\u00bb,\u00a0s&rsquo;est-elle d\u00e9sol\u00e9e. Puis finalement, la maman d&rsquo;Ava et Jim a commenc\u00e9 \u00e0 \u00eatre contact\u00e9e par des journalistes qui lui ont donn\u00e9 le droit de donner sa version des faits et de consid\u00e9rer ce qu&rsquo;elle a travers\u00e9.<\/p>\n<p>Alexandra Rosenfeld soutenue par les peoples<\/p>\n<p>Bien \u00e9videmment, son compagnon Hugo Cl\u00e9ment n\u2019a pas manqu\u00e9 de saluer son courage et de lui manifester son soutien apr\u00e8s sa prise de parole. Mais elle n\u2019est pas la seule puisque les internautes lui ont aussi envoy\u00e9 beaucoup d\u2019amour sous son post Instagram.<\/p>\n<p><strong>Laeticia Hallyday, Julien Dor\u00e9 et Patrick S\u00e9bastien ont r\u00e9agi \u00e0 leur fa\u00e7on en likant la longue et bouleversante publication <\/strong>d\u2019Alexandra Rosenfeld en guise de soutien. D\u2019autres femmes ont comment\u00e9 en la remerciant d\u2019avoir bris\u00e9 le tabou autour de ces tristes faits que subissent encore trop de victimes.<\/p>\n<p>      Mentionn\u00e9s dans cet article<\/p>\n<p>      Sur le m\u00eame sujet<\/p>\n","protected":false},"excerpt":{"rendered":"R\u00e9sum\u00e9 Alexandra Rosenfeld a pris la parole pour raconter son v\u00e9cu de violences psychologiques pass\u00e9es, suscitant un large&hellip;\n","protected":false},"author":2,"featured_media":332007,"comment_status":"","ping_status":"","sticky":false,"template":"","format":"standard","meta":{"footnotes":""},"categories":[8],"tags":[13558,58,59,1011,27,4004,7648],"class_list":{"0":"post-332006","1":"post","2":"type-post","3":"status-publish","4":"format-standard","5":"has-post-thumbnail","7":"category-divertissement","8":"tag-alexandra-rosenfeld","9":"tag-divertissement","10":"tag-entertainment","11":"tag-fr","12":"tag-france","13":"tag-julien-dore","14":"tag-laeticia-hallyday"},"share_on_mastodon":{"url":"https:\/\/pubeurope.com\/@fr\/115062123113640803","error":""},"_links":{"self":[{"href":"https:\/\/www.europesays.com\/fr\/wp-json\/wp\/v2\/posts\/332006","targetHints":{"allow":["GET"]}}],"collection":[{"href":"https:\/\/www.europesays.com\/fr\/wp-json\/wp\/v2\/posts"}],"about":[{"href":"https:\/\/www.europesays.com\/fr\/wp-json\/wp\/v2\/types\/post"}],"author":[{"embeddable":true,"href":"https:\/\/www.europesays.com\/fr\/wp-json\/wp\/v2\/users\/2"}],"replies":[{"embeddable":true,"href":"https:\/\/www.europesays.com\/fr\/wp-json\/wp\/v2\/comments?post=332006"}],"version-history":[{"count":0,"href":"https:\/\/www.europesays.com\/fr\/wp-json\/wp\/v2\/posts\/332006\/revisions"}],"wp:featuredmedia":[{"embeddable":true,"href":"https:\/\/www.europesays.com\/fr\/wp-json\/wp\/v2\/media\/332007"}],"wp:attachment":[{"href":"https:\/\/www.europesays.com\/fr\/wp-json\/wp\/v2\/media?parent=332006"}],"wp:term":[{"taxonomy":"category","embeddable":true,"href":"https:\/\/www.europesays.com\/fr\/wp-json\/wp\/v2\/categories?post=332006"},{"taxonomy":"post_tag","embeddable":true,"href":"https:\/\/www.europesays.com\/fr\/wp-json\/wp\/v2\/tags?post=332006"}],"curies":[{"name":"wp","href":"https:\/\/api.w.org\/{rel}","templated":true}]}}