{"id":332008,"date":"2025-08-20T16:50:12","date_gmt":"2025-08-20T16:50:12","guid":{"rendered":"https:\/\/www.europesays.com\/fr\/332008\/"},"modified":"2025-08-20T16:50:12","modified_gmt":"2025-08-20T16:50:12","slug":"nous-cherchons-avant-tout-la-verite-apres-cnews-nathan-devers-et-paul-melun-debattront-sur-franceinfo","status":"publish","type":"post","link":"https:\/\/www.europesays.com\/fr\/332008\/","title":{"rendered":"\u00ab Nous cherchons avant tout la v\u00e9rit\u00e9 \u00bb : apr\u00e8s CNews, Nathan Devers et Paul Melun d\u00e9battront sur Franceinfo"},"content":{"rendered":"<p class=\"paragraph text_align_left lp-f-body-02\">Le myst\u00e8re est lev\u00e9. Les \u00e9crivains et chroniqueurs <a href=\"https:\/\/www.leparisien.fr\/culture-loisirs\/tv\/nathan-devers-et-paul-melun-quittent-cnews-envisager-autrement-notre-participation-au-debat-public-03-08-2025-YEWLOK6MR5B6PHWMVI6WEXSNDY.php\" target=\"_blank\" rel=\"noreferrer nofollow noopener\">Nathan Devers et Paul Melun<\/a> animeront d\u00e8s vendredi 29 ao\u00fbt une nouvelle \u00e9mission de d\u00e9bats sur la cha\u00eene Franceinfo (canal 16 de la TNT) : \u00ab Le pour et le contre \u00bb. Le bin\u00f4me donne rendez-vous aux t\u00e9l\u00e9spectateurs les vendredis, samedis et dimanches soirs, entre 22 heures et 23 heures, pour un talk-show intellectuel en direct qui mettra les livres et les id\u00e9es \u00e0 l\u2019honneur. Il sera coanim\u00e9 par Claire-Elisabeth Beaufort, journaliste et r\u00e9dactrice en chef adjointe chez France T\u00e9l\u00e9visions.<\/p>\n<p class=\"paragraph text_align_left lp-f-body-02\">L\u2019objectif de ce programme : \u00ab Servir la belle et noble <a href=\"https:\/\/www.leparisien.fr\/culture-loisirs\/tv\/nathan-devers-et-paul-melun-quittent-cnews-envisager-autrement-notre-participation-au-debat-public-03-08-2025-YEWLOK6MR5B6PHWMVI6WEXSNDY.php\" target=\"_blank\" rel=\"noreferrer nofollow noopener\">id\u00e9e du d\u00e9bat public<\/a> qui est le fondement d\u2019une d\u00e9mocratie et de la soci\u00e9t\u00e9 fran\u00e7aise, expose Nathan Devers, qui sera par ailleurs chroniqueur dans l\u2019\u00e9dition du dimanche du Parisien-Aujourd\u2019hui en France \u00e0 partir de la rentr\u00e9e. On vit dans une \u00e9poque passionnante et on veut la questionner dans une logique o\u00f9 diff\u00e9rentes voix construisent un dialogue f\u00e9cond. \u00bb<\/p>\n","protected":false},"excerpt":{"rendered":"Le myst\u00e8re est lev\u00e9. Les \u00e9crivains et chroniqueurs Nathan Devers et Paul Melun animeront d\u00e8s vendredi 29 ao\u00fbt&hellip;\n","protected":false},"author":2,"featured_media":332009,"comment_status":"","ping_status":"","sticky":false,"template":"","format":"standard","meta":{"footnotes":""},"categories":[7],"tags":[872,1011,27,43,40,41,39,42,44,2205],"class_list":{"0":"post-332008","1":"post","2":"type-post","3":"status-publish","4":"format-standard","5":"has-post-thumbnail","7":"category-sciences-et-technologies","8":"tag-culture-et-loisirs","9":"tag-fr","10":"tag-france","11":"tag-science","12":"tag-science-and-technology","13":"tag-sciences","14":"tag-sciences-et-technologies","15":"tag-technologies","16":"tag-technology","17":"tag-television-medias"},"share_on_mastodon":{"url":"https:\/\/pubeurope.com\/@fr\/115062127056882632","error":""},"_links":{"self":[{"href":"https:\/\/www.europesays.com\/fr\/wp-json\/wp\/v2\/posts\/332008","targetHints":{"allow":["GET"]}}],"collection":[{"href":"https:\/\/www.europesays.com\/fr\/wp-json\/wp\/v2\/posts"}],"about":[{"href":"https:\/\/www.europesays.com\/fr\/wp-json\/wp\/v2\/types\/post"}],"author":[{"embeddable":true,"href":"https:\/\/www.europesays.com\/fr\/wp-json\/wp\/v2\/users\/2"}],"replies":[{"embeddable":true,"href":"https:\/\/www.europesays.com\/fr\/wp-json\/wp\/v2\/comments?post=332008"}],"version-history":[{"count":0,"href":"https:\/\/www.europesays.com\/fr\/wp-json\/wp\/v2\/posts\/332008\/revisions"}],"wp:featuredmedia":[{"embeddable":true,"href":"https:\/\/www.europesays.com\/fr\/wp-json\/wp\/v2\/media\/332009"}],"wp:attachment":[{"href":"https:\/\/www.europesays.com\/fr\/wp-json\/wp\/v2\/media?parent=332008"}],"wp:term":[{"taxonomy":"category","embeddable":true,"href":"https:\/\/www.europesays.com\/fr\/wp-json\/wp\/v2\/categories?post=332008"},{"taxonomy":"post_tag","embeddable":true,"href":"https:\/\/www.europesays.com\/fr\/wp-json\/wp\/v2\/tags?post=332008"}],"curies":[{"name":"wp","href":"https:\/\/api.w.org\/{rel}","templated":true}]}}