{"id":332022,"date":"2025-08-20T16:57:16","date_gmt":"2025-08-20T16:57:16","guid":{"rendered":"https:\/\/www.europesays.com\/fr\/332022\/"},"modified":"2025-08-20T16:57:16","modified_gmt":"2025-08-20T16:57:16","slug":"des-le-25-aout-la-nouvelle-ligne-de-bus-t5-reliant-maxeville-et-vandoeuvre-sera-active","status":"publish","type":"post","link":"https:\/\/www.europesays.com\/fr\/332022\/","title":{"rendered":"d\u00e8s le 25 ao\u00fbt, la nouvelle ligne de bus T5, reliant Max\u00e9ville et Vand\u0153uvre, sera active"},"content":{"rendered":"<p>            Par<br \/>\n        <strong><br \/>\n            <a href=\"https:\/\/actu.fr\/auteur\/emil-vautrin\" title=\"Consulter tous les articles de Emil Vautrin\" target=\"_blank\" rel=\"noopener\">Emil Vautrin<\/a><br \/>\n        <\/strong><\/p>\n<p>        Publi\u00e9 le<\/p>\n<p>            20 ao\u00fbt 2025 \u00e0 18h13        <\/p>\n<p>Apr\u00e8s la ligne 1 du <a href=\"https:\/\/actu.fr\/tag\/trolleybus\" target=\"_blank\" rel=\"noopener\">trolleybus<\/a>, c\u2019est au tour d\u2019une nouvelle ligne de transport en commun d\u2019\u00eatre lanc\u00e9e par le <a href=\"https:\/\/actu.fr\/tag\/reseau-stan\" target=\"_blank\" rel=\"noopener\">r\u00e9seau Stan<\/a> dans le <a href=\"https:\/\/actu.fr\/tag\/grand-nancy\" target=\"_blank\" rel=\"noopener\">Grand Nancy<\/a>.<\/p>\n<p class=\" wall-content\">La ligne <strong>Tempo 5 (T5)<\/strong> sera active d\u00e8s lundi prochain, le lundi <strong>25 ao\u00fbt<\/strong>. Elle reliera les communes de Max\u00e9ville et <a href=\"https:\/\/actu.fr\/tag\/grand-nancy\" target=\"_blank\" rel=\"noopener\">Vand\u0153uvre<\/a>.<\/p>\n<p>Un trajet reliant Vand\u0153uvre \u00e0 Max\u00e9ville<\/p>\n<p class=\" wall-content\">La ligne circulera<strong> tous les jours de 5h \u00e0 00h30<\/strong>. En semaine, elle passera<strong> toutes les 12 minutes<\/strong> de 7h \u00e0 19h, et \u00e0 des horaires fixes en dehors de cette p\u00e9riode.<\/p>\n<p class=\" wall-content\">\u00a0\u00ab\u00a0Elle passera notamment par le boulevard de l\u2019Europe, la rue de Cr\u00e9vic et la ZAC Roberval \u00e0 Vand\u0153uvre-l\u00e8s-Nancy, mais aussi la <a href=\"https:\/\/actu.fr\/grand-est\/nancy_54395\/transformation-de-l-ensemble-carnot-leopold-la-fontaine-va-faire-son-grand-retour_62667254.html\" target=\"_blank\" rel=\"noopener\">Place Carnot<\/a>, le Point Central, Saurupt et Artem\u00a0\u00bb, indique la m\u00e9tropole du Grand Nancy.<\/p>\n<p class=\" wall-content\">Personnalisez votre actualit\u00e9 en ajoutant vos villes et m\u00e9dias en favori avec <a href=\"https:\/\/moncompte.actu.fr\" title=\"D\u00e9couvez Mon Actu\" rel=\"nofollow noopener\" data-trk=\"{&quot;cta&quot;:{&quot;action&quot;:&quot;https:\\\/\\\/moncompte.actu.fr&quot;,&quot;category&quot;:&quot;mon compte&quot;,&quot;from&quot;:&quot;article footer&quot;,&quot;name&quot;:&quot;Mon actu&quot;,&quot;type&quot;:&quot;cta&quot;}}\" target=\"_blank\">Mon Actu<\/a>.<\/p>\n","protected":false},"excerpt":{"rendered":"Par Emil Vautrin Publi\u00e9 le 20 ao\u00fbt 2025 \u00e0 18h13 Apr\u00e8s la ligne 1 du trolleybus, c\u2019est au&hellip;\n","protected":false},"author":2,"featured_media":332023,"comment_status":"","ping_status":"","sticky":false,"template":"","format":"standard","meta":{"footnotes":""},"categories":[9635],"tags":[1111,11,1777,674,1011,27,775,1702,12,25,9849,104,2803,9850],"class_list":{"0":"post-332022","1":"post","2":"type-post","3":"status-publish","4":"format-standard","5":"has-post-thumbnail","7":"category-nancy","8":"tag-actu","9":"tag-actualites","10":"tag-eu","11":"tag-europe","12":"tag-fr","13":"tag-france","14":"tag-grand-est","15":"tag-nancy","16":"tag-news","17":"tag-republique-francaise","18":"tag-reseau-stan","19":"tag-societe","20":"tag-transport","21":"tag-trolleybus"},"share_on_mastodon":{"url":"https:\/\/pubeurope.com\/@fr\/115062154466381667","error":""},"_links":{"self":[{"href":"https:\/\/www.europesays.com\/fr\/wp-json\/wp\/v2\/posts\/332022","targetHints":{"allow":["GET"]}}],"collection":[{"href":"https:\/\/www.europesays.com\/fr\/wp-json\/wp\/v2\/posts"}],"about":[{"href":"https:\/\/www.europesays.com\/fr\/wp-json\/wp\/v2\/types\/post"}],"author":[{"embeddable":true,"href":"https:\/\/www.europesays.com\/fr\/wp-json\/wp\/v2\/users\/2"}],"replies":[{"embeddable":true,"href":"https:\/\/www.europesays.com\/fr\/wp-json\/wp\/v2\/comments?post=332022"}],"version-history":[{"count":0,"href":"https:\/\/www.europesays.com\/fr\/wp-json\/wp\/v2\/posts\/332022\/revisions"}],"wp:featuredmedia":[{"embeddable":true,"href":"https:\/\/www.europesays.com\/fr\/wp-json\/wp\/v2\/media\/332023"}],"wp:attachment":[{"href":"https:\/\/www.europesays.com\/fr\/wp-json\/wp\/v2\/media?parent=332022"}],"wp:term":[{"taxonomy":"category","embeddable":true,"href":"https:\/\/www.europesays.com\/fr\/wp-json\/wp\/v2\/categories?post=332022"},{"taxonomy":"post_tag","embeddable":true,"href":"https:\/\/www.europesays.com\/fr\/wp-json\/wp\/v2\/tags?post=332022"}],"curies":[{"name":"wp","href":"https:\/\/api.w.org\/{rel}","templated":true}]}}