{"id":332026,"date":"2025-08-20T16:59:09","date_gmt":"2025-08-20T16:59:09","guid":{"rendered":"https:\/\/www.europesays.com\/fr\/332026\/"},"modified":"2025-08-20T16:59:09","modified_gmt":"2025-08-20T16:59:09","slug":"les-barques-provencales-vont-saffronter-dans-le-port-de-toulon","status":"publish","type":"post","link":"https:\/\/www.europesays.com\/fr\/332026\/","title":{"rendered":"les barques proven\u00e7ales vont s&rsquo;affronter dans le port de Toulon"},"content":{"rendered":"<p>            Par<br \/>\n        <strong><br \/>\n            <a href=\"https:\/\/actu.fr\/auteur\/guillemette-herve\" title=\"Consulter tous les articles de Agence de presse APEI\" rel=\"nofollow noopener\" target=\"_blank\">Agence de presse APEI<\/a><br \/>\n        <\/strong><\/p>\n<p>        Publi\u00e9 le<\/p>\n<p>            20 ao\u00fbt 2025 \u00e0 18h18        <\/p>\n<p>Si vous aimez les spectacles hauts en couleur m\u00ealant <strong>sport et tradition<\/strong>, rendez-vous ce samedi 23 ao\u00fbt 2025 \u00e0 18h30, dans le port de <a href=\"https:\/\/actu.fr\/provence-alpes-cote-d-azur\/toulon_83137\/var-a-toulon-le-stade-mayol-se-modernise_63013685.html\" rel=\"nofollow noopener\" target=\"_blank\">Toulon<\/a>, pour assister \u00e0 des joutes nautiques proven\u00e7ales.<\/p>\n<p>Des combats nautiques anciens<\/p>\n<p class=\" wall-content\">Depuis le quai de la Sinse, vous verrez <strong>les Francs jouteurs mandr\u00e9ens<\/strong> s\u2019affronter sur leurs destriers des mers. \u00c0 bord du Saint-Flavien et du Saint-Mandrier, leurs deux barques color\u00e9es, ils vous feront d\u00e9couvrir ce sport pratiqu\u00e9 d\u00e8s l\u2019\u00c9gypte ancienne ou la <a href=\"https:\/\/actu.fr\/monde\/surtourisme-agir-avant-qu-il-ne-soit-trop-tard-comment-les-locaux-protegent-le-centre-d-athenes-en-grece_62993714.html\" rel=\"nofollow noopener\" target=\"_blank\">Gr\u00e8ce<\/a> antique.<\/p>\n<p class=\" wall-content\">Juch\u00e9s sur la tintaine, lance dans une main et t\u00e9moin dans l\u2019autre, les targa\u00efres s\u2019affronteront dans un duel alliant \u00e0 la fois force et adresse. <strong>Un beau spectacle<\/strong> en perspective !<\/p>\n<p class=\" wall-content\">Personnalisez votre actualit\u00e9 en ajoutant vos villes et m\u00e9dias en favori avec <a href=\"https:\/\/moncompte.actu.fr\" title=\"D\u00e9couvez Mon Actu\" rel=\"nofollow noopener\" data-trk=\"{&quot;cta&quot;:{&quot;action&quot;:&quot;https:\\\/\\\/moncompte.actu.fr&quot;,&quot;category&quot;:&quot;mon compte&quot;,&quot;from&quot;:&quot;article footer&quot;,&quot;name&quot;:&quot;Mon actu&quot;,&quot;type&quot;:&quot;cta&quot;}}\" target=\"_blank\">Mon Actu<\/a>.<\/p>\n","protected":false},"excerpt":{"rendered":"Par Agence de presse APEI Publi\u00e9 le 20 ao\u00fbt 2025 \u00e0 18h18 Si vous aimez les spectacles hauts&hellip;\n","protected":false},"author":2,"featured_media":332027,"comment_status":"","ping_status":"","sticky":false,"template":"","format":"standard","meta":{"footnotes":""},"categories":[9619],"tags":[1111,11,1063,1777,674,1011,27,1652,12,882,25,2310],"class_list":{"0":"post-332026","1":"post","2":"type-post","3":"status-publish","4":"format-standard","5":"has-post-thumbnail","7":"category-toulon","8":"tag-actu","9":"tag-actualites","10":"tag-animations","11":"tag-eu","12":"tag-europe","13":"tag-fr","14":"tag-france","15":"tag-loisirs-culture","16":"tag-news","17":"tag-provence-alpes-cote-dazur","18":"tag-republique-francaise","19":"tag-toulon"},"share_on_mastodon":{"url":"https:\/\/pubeurope.com\/@fr\/115062162357476706","error":""},"_links":{"self":[{"href":"https:\/\/www.europesays.com\/fr\/wp-json\/wp\/v2\/posts\/332026","targetHints":{"allow":["GET"]}}],"collection":[{"href":"https:\/\/www.europesays.com\/fr\/wp-json\/wp\/v2\/posts"}],"about":[{"href":"https:\/\/www.europesays.com\/fr\/wp-json\/wp\/v2\/types\/post"}],"author":[{"embeddable":true,"href":"https:\/\/www.europesays.com\/fr\/wp-json\/wp\/v2\/users\/2"}],"replies":[{"embeddable":true,"href":"https:\/\/www.europesays.com\/fr\/wp-json\/wp\/v2\/comments?post=332026"}],"version-history":[{"count":0,"href":"https:\/\/www.europesays.com\/fr\/wp-json\/wp\/v2\/posts\/332026\/revisions"}],"wp:featuredmedia":[{"embeddable":true,"href":"https:\/\/www.europesays.com\/fr\/wp-json\/wp\/v2\/media\/332027"}],"wp:attachment":[{"href":"https:\/\/www.europesays.com\/fr\/wp-json\/wp\/v2\/media?parent=332026"}],"wp:term":[{"taxonomy":"category","embeddable":true,"href":"https:\/\/www.europesays.com\/fr\/wp-json\/wp\/v2\/categories?post=332026"},{"taxonomy":"post_tag","embeddable":true,"href":"https:\/\/www.europesays.com\/fr\/wp-json\/wp\/v2\/tags?post=332026"}],"curies":[{"name":"wp","href":"https:\/\/api.w.org\/{rel}","templated":true}]}}