{"id":332030,"date":"2025-08-20T17:01:13","date_gmt":"2025-08-20T17:01:13","guid":{"rendered":"https:\/\/www.europesays.com\/fr\/332030\/"},"modified":"2025-08-20T17:01:13","modified_gmt":"2025-08-20T17:01:13","slug":"nous-passons-de-250-clients-par-jour-en-moyenne-a-pres-de-500-la-ruee-vers-les-fournitures-scolaires-est-arrivee-a-montpellier","status":"publish","type":"post","link":"https:\/\/www.europesays.com\/fr\/332030\/","title":{"rendered":"\u00ab\u00a0Nous passons de 250 clients par jour en moyenne \u00e0 pr\u00e8s de 500\u00a0\u00bb\u00a0: la ru\u00e9e vers les fournitures scolaires est arriv\u00e9e \u00e0 Montpellier"},"content":{"rendered":"<p>\n                                                                Alors que la rentr\u00e9e pointe le bout de son nez, parents et enfants profitent des derniers jours de vacances pour remplir les rayons des papeteries et leur panier de fournitures scolaires. Et cette ann\u00e9e, bonne nouvelle, les prix sont en baisse, une premi\u00e8re depuis 2022.\n                            <\/p>\n<p data-pm-slice=\"1 1 []\">Pendant l\u2019\u00e9t\u00e9, la rentr\u00e9e para\u00eet bien lointaine. Sac de voyage, cahier de vacances ou pot de cr\u00e8me solaire occupent les esprits\u2026 Mais tr\u00e8s vite, cartable, agenda et tube de colle prennent le relais. \u00c0 Montpellier, deux jours de pluie ont suffi \u00e0 raviver de vieux dilemmes\u00a0: crayon HB ou 2B\u00a0? Grands ou petits carreaux\u00a0? Feuilles simples ou doubles\u00a0? Pas de doute, la course aux fournitures scolaires est lanc\u00e9e, et mieux vaut bien s\u2019accrocher.<\/p>\n<p>La ru\u00e9e vers les magasins<\/p>\n<p data-pm-slice=\"1 1 []\">Dans le centre-ville de Montpellier, les commerces n\u2019ont rien \u00e0 envier aux grandes surfaces. Chez Bureau Vall\u00e9e, rue Rondelet, la p\u00e9riode est intense. Dominique, la g\u00e9rante, le confirme\u00a0: \u00ab\u00a0Les deux derni\u00e8res semaines d\u2019ao\u00fbt et les dix premiers jours de septembre, nous passons de <strong>250 clients par jour en moyenne \u00e0 pr\u00e8s de 500.<\/strong> Pour nous, c\u2019est le rush.\u00a0\u00bb\u00a0M\u00eame constat \u00e0 la librairie Gibert, o\u00f9 les parents affluent par centaines pour d\u00e9nicher le cahier de la bonne taille, avec la bonne couleur et\u00a0les bons carreaux\u00a0!<\/p>\n<p>        <img decoding=\"async\" class=\"std-img__img responsive-img\" src=\"https:\/\/www.europesays.com\/fr\/wp-content\/uploads\/2025\/08\/1755709273_787_image.jpg\" alt=\"Dans les rayons, les fournitures scolaires attendent aussi leur rentr\u00e9e.\"\/><\/p>\n<p>                Dans les rayons, les fournitures scolaires attendent aussi leur rentr\u00e9e.<br \/>\n                                    Midi Libre &#8211; GIACOMO ITALIANO<\/p>\n<p data-pm-slice=\"1 1 []\">Dans les all\u00e9es aux mille couleurs de classeurs et de stylos, les parents, liste en main, tournent en rond \u00e0 la recherche du meilleur compas\u2026 et les enfants ne sont jamais bien loin. Laura est venue avec sa fille \u00c9lo\u00efse, qui fera sa rentr\u00e9e en quatri\u00e8me\u00a0: \u00ab\u00a0Elle pr\u00e9f\u00e8re choisir elle-m\u00eame ses fournitures. On va dire que c\u2019est une petite \u00e9preuve qu\u2019on traverse ensemble\u00a0\u00bb, sourit la maman. Dans les rayons, les fournitures scolaires attendent aussi leur rentr\u00e9e. \u00ab\u00a0Il faut que je me rach\u00e8te des feuilles Canson pour l\u2019art plastique\u00a0\u00bb, ajoute \u00c9lo\u00efse.<\/p>\n<p data-end=\"1952\" data-start=\"1556\">Sabine, vacanci\u00e8re venue de Paris, fait une pause dans ses vacances\u00a0pour tout acheter\u00a0: \u00ab\u00a0Je reprends le travail le 1er\u00a0septembre et apr\u00e8s je n\u2019aurai plus le temps. Heureusement, j\u2019avais d\u00e9j\u00e0 re\u00e7u les listes.\u00a0\u00bb Son panier d\u00e9borde de cahiers, pochettes, trousses et colles. En main, le catalogue des promotions\u00a0: \u00ab\u00a0Je regarde les r\u00e9ductions, mais je sais que je vais d\u00e9passer les 200\u00a0euros pour mes deux enfants.\u00a0\u00bb<\/p>\n<p>Des prix en baisse<\/p>\n<p data-pm-slice=\"1 1 []\">Cette ann\u00e9e, retour vers le pass\u00e9 avec des prix cass\u00e9s. <a href=\"https:\/\/www.midilibre.fr\/2025\/08\/19\/rentree-scolaire-2025-hypermarches-supermarches-magasins-specialises-voici-combien-va-couter-la-rentree-pour-les-collegiens-12882991.php\" target=\"_blank\" rel=\"nofollow noopener\">Une premi\u00e8re depuis 2022, ann\u00e9e marqu\u00e9e par la flamb\u00e9e du co\u00fbt de l\u2019\u00e9nergie qui avait fait grimper celui du papier.<\/a> De quoi apporter aussi de la couleur dans le portefeuille. Chez\u00a0Gibert, les cahiers sont pratiquement tous en promotion \u00e0 \u2013 25\u00a0%. Chez Bureau Vall\u00e9e, <strong>une centaine de produits sont concern\u00e9s<\/strong>\u00a0: le stylo quatre couleurs \u00e0 0,89\u00a0\u20ac, le classeur \u00e0 1,26\u00a0\u20ac, ou encore l\u2019offre \u00ab\u00a0deux cahiers achet\u00e9s, un offert\u00a0\u00bb. \u00ab\u00a0Certains articles ont baiss\u00e9 de 25 \u00e0 55\u00a0%. C\u2019est une forte diminution li\u00e9e \u00e0 la chute du prix de la p\u00e2te \u00e0 papier\u00a0\u00bb, pr\u00e9cise Dominique.<\/p>\n<p data-pm-slice=\"1 1 []\">Laura, elle ne constate pas encore<a href=\"https:\/\/www.midilibre.fr\/2025\/08\/19\/allocation-de-rentree-scolaire-la-prime-sera-versee-des-ce-mardi-faites-vous-partie-des-familles-concernees-12881981.php\" target=\"_blank\" rel=\"nofollow noopener\"> la baisse des prix<\/a>\u00a0: \u00ab\u00a0Je verrai \u00e7a au moment de passer en caisse.\u00a0\u00bb En attendant, elle a d\u00e9j\u00e0 mis en place une m\u00e9thode pour \u00e9conomiser\u00a0: \u00ab\u00a0On a une d\u00e9marche \u00e9conomique et \u00e9cologique. On arrache les quelques pages utilis\u00e9es dans les cahiers pour les r\u00e9utiliser, on \u00e9vite le plastique qui s\u2019ab\u00eeme vite. J\u2019ai aussi demand\u00e9 \u00e0 \u00c9lo\u00efse de faire le tri dans son tiroir \u00e0 stylos pour \u00e9viter les doublons.\u00a0\u00bb<\/p>\n<p>Des solutions pour gagner du temps<\/p>\n<p data-pm-slice=\"1 1 []\">Mais cette accalmie sera de courte dur\u00e9e\u00a0: d\u00e8s septembre, une hausse moyenne de 10\u00a0% est attendue. Pour une famille avec trois enfants et un budget de 150\u00a0\u20ac par \u00e9l\u00e8ve, l\u2019addition peut vite grimper. <a href=\"https:\/\/www.midilibre.fr\/2025\/07\/16\/rentree-scolaire-pourquoi-il-est-tres-fortement-conseille-dacheter-les-fournitures-scolaires-le-plus-tot-possible-12826467.php\" target=\"_blank\" rel=\"nofollow noopener\">Mieux vaut donc anticiper ses achats d\u00e8s maintenant.<\/a> Pour aider les parents press\u00e9s, Bureau Vall\u00e9e et Gibert proposent de pr\u00e9parer les colis directement \u00e0 partir des listes scolaires. \u00ab\u00a0Nous proposons \u00e9galement la livraison gratuite \u00e0 domicile d\u00e8s 40\u00a0\u20ac d\u2019achat\u00a0\u00bb, pr\u00e9cise\u00a0la g\u00e9rante.<\/p>\n<p data-pm-slice=\"1 1 []\">Et pour ceux qui attendent la derni\u00e8re minute pour se lancer dans les emplettes\u2026 que le sort des fournitures scolaire vous soit favorable\u00a0!<\/p>\n<p>    Cette ann\u00e9e, 57\u00a0600 familles h\u00e9raultaises sont concern\u00e9es par l\u2019Allocation de rentr\u00e9e scolaire<\/p>\n<p>La Caf de l\u2019H\u00e9rault a vers\u00e9 ce mardi l\u2019Allocation de rentr\u00e9e scolaire (ARS) \u00e0 pr\u00e8s de 57\u00a0600 familles h\u00e9raultaises, soit plus de 94\u00a0400 enfants scolaris\u00e9s concern\u00e9s. Cr\u00e9\u00e9e en 1974, elle est vers\u00e9e par la Caf et les caisses de mutualit\u00e9 sociale agricole (MSA) aux familles ayant au moins un enfant de 6 \u00e0 18 ans scolaris\u00e9 et dont les ressources sont inf\u00e9rieures au smic major\u00e9 d\u2019un tiers. Son montant varie entre 420 et 460\u00a0euros selon l\u2019\u00e2ge de l\u2019enfant. Pour la demander, il suffit de se rapprocher de sa Caf ou de la MSA, g\u00e9n\u00e9ralement via leur site ou l\u2019application d\u00e9di\u00e9e. Comme chaque ann\u00e9e, l\u2019ARS sera attribu\u00e9e dans les m\u00eames conditions que les ann\u00e9es pr\u00e9c\u00e9dentes, contrairement aux fausses informations circulant sur TikTok. Certaines vid\u00e9os affirment qu\u2019il faudrait \u00ab\u00a0justifier chaque d\u00e9pense avec des tickets de caisse\u00a0\u00bb ou que \u00ab\u00a0toutes les donn\u00e9es seraient transmises \u00e0 l\u2019application \u00ab\u00a0MonARS +\u00a0\u00bb, qui n\u2019existe pas.<\/p>\n","protected":false},"excerpt":{"rendered":"Alors que la rentr\u00e9e pointe le bout de son nez, parents et enfants profitent des derniers jours de&hellip;\n","protected":false},"author":2,"featured_media":332031,"comment_status":"","ping_status":"","sticky":false,"template":"","format":"standard","meta":{"footnotes":""},"categories":[9599],"tags":[1111,11,1777,674,1011,27,2208,12,2680,25],"class_list":{"0":"post-332030","1":"post","2":"type-post","3":"status-publish","4":"format-standard","5":"has-post-thumbnail","7":"category-montpellier","8":"tag-actu","9":"tag-actualites","10":"tag-eu","11":"tag-europe","12":"tag-fr","13":"tag-france","14":"tag-montpellier","15":"tag-news","16":"tag-occitanie","17":"tag-republique-francaise"},"share_on_mastodon":{"url":"https:\/\/pubeurope.com\/@fr\/115062170248445881","error":""},"_links":{"self":[{"href":"https:\/\/www.europesays.com\/fr\/wp-json\/wp\/v2\/posts\/332030","targetHints":{"allow":["GET"]}}],"collection":[{"href":"https:\/\/www.europesays.com\/fr\/wp-json\/wp\/v2\/posts"}],"about":[{"href":"https:\/\/www.europesays.com\/fr\/wp-json\/wp\/v2\/types\/post"}],"author":[{"embeddable":true,"href":"https:\/\/www.europesays.com\/fr\/wp-json\/wp\/v2\/users\/2"}],"replies":[{"embeddable":true,"href":"https:\/\/www.europesays.com\/fr\/wp-json\/wp\/v2\/comments?post=332030"}],"version-history":[{"count":0,"href":"https:\/\/www.europesays.com\/fr\/wp-json\/wp\/v2\/posts\/332030\/revisions"}],"wp:featuredmedia":[{"embeddable":true,"href":"https:\/\/www.europesays.com\/fr\/wp-json\/wp\/v2\/media\/332031"}],"wp:attachment":[{"href":"https:\/\/www.europesays.com\/fr\/wp-json\/wp\/v2\/media?parent=332030"}],"wp:term":[{"taxonomy":"category","embeddable":true,"href":"https:\/\/www.europesays.com\/fr\/wp-json\/wp\/v2\/categories?post=332030"},{"taxonomy":"post_tag","embeddable":true,"href":"https:\/\/www.europesays.com\/fr\/wp-json\/wp\/v2\/tags?post=332030"}],"curies":[{"name":"wp","href":"https:\/\/api.w.org\/{rel}","templated":true}]}}