{"id":332032,"date":"2025-08-20T17:02:10","date_gmt":"2025-08-20T17:02:10","guid":{"rendered":"https:\/\/www.europesays.com\/fr\/332032\/"},"modified":"2025-08-20T17:02:10","modified_gmt":"2025-08-20T17:02:10","slug":"une-voiture-percute-un-pilier-en-beton-la-passagere-agee-de-90-ans-est-decedee","status":"publish","type":"post","link":"https:\/\/www.europesays.com\/fr\/332032\/","title":{"rendered":"une voiture percute un pilier en b\u00e9ton, la passag\u00e8re \u00e2g\u00e9e de 90 ans est d\u00e9c\u00e9d\u00e9e"},"content":{"rendered":"<p>            Par<br \/>\n        <strong><br \/>\n            <a href=\"https:\/\/actu.fr\/auteur\/jm-aubert\" title=\"Consulter tous les articles de Jean-Marc Aubert\" rel=\"nofollow noopener\" target=\"_blank\">Jean-Marc Aubert<\/a><br \/>\n        <\/strong><\/p>\n<p>        Publi\u00e9 le<\/p>\n<p>            20 ao\u00fbt 2025 \u00e0 18h28        <\/p>\n<p>Une nonag\u00e9naire bless\u00e9e ce dimanche \u00e0<strong> Montpellier<\/strong>, lors d\u2019un accident de voiture dans laquelle elle \u00e9tait passag\u00e8re est <strong>d\u00e9c\u00e9d\u00e9e<\/strong> quelques heures plus tard au CHU.<\/p>\n<p>    <a href=\"https:\/\/www.google.com\/maps\/embed?pb=!1m18!1m12!1m3!1d4856.435469162605!2d3.879027311695034!3d43.634565154015014!2m3!1f0!2f0!3f0!3m2!1i1024!2i768!4f13.1!3m3!1m2!1s0x12b6af3bfc4cfdfb%3A0x3a6e5f474cc99539!2sImp.%20Ermengarde%2C%2034090%20Montpellier!5e0!3m2!1sfr!2sfr!4v1755702967643!5m2!1sfr!2sfr\" title=\"Ouvrie le lien\" rel=\"nofollow noopener\" target=\"_blank\">Cliquez ici pour visualiser le contenu<\/a><\/p>\n<p class=\" wall-content\">La sortie de route s\u2019est produite ce dimanche 17 ao\u00fbt 2025, vers 9h30, dans l\u2019impasse Ermengarde qui donne dans la rue de Roqueturi\u00e8re, dans le quartier des l\u2019Aiguelongue. Alors qu\u2019un couple de retrait\u00e9s se trouvait en voiture \u00e0 proximit\u00e9 de son domicile, le v\u00e9hicule a violemment termin\u00e9 sa course contre un pilier en b\u00e9ton, dans des circonstances qui font l\u2019objet d\u2019une enqu\u00eate des policiers de la <strong>brigade des accidents et des d\u00e9lits routiers<\/strong> du commissariat central.<\/p>\n<p class=\" wall-content\">L\u2019hypoth\u00e8se d\u2019un malaise au volant n\u2019est pas exclue. Au d\u00e9part, lorsqu\u2019ils ont \u00e9t\u00e9 secourus par les sapeurs-pompiers du <strong>Sdis 34<\/strong> et admis aux urgences de l\u2019h\u00f4pital Lapeyronie, l\u2019\u00e9tat des deux nonag\u00e9naires a \u00e9t\u00e9 class\u00e9 en bless\u00e9s l\u00e9gers, ils \u00e9taient en \u00e9tat de choc, mais conscients. Aucun pronostic vital n\u2019\u00e9tait donc engag\u00e9.<\/p>\n<p class=\" wall-content\">L\u2019\u00e9tat de sant\u00e9 de la passag\u00e8re, \u00e2g\u00e9e de 90 ans s\u2019est soudain aggrav\u00e9, comme des radios et des examens pratiqu\u00e9s rapidement ont d\u00e9montr\u00e9 des blessures internes tr\u00e8s graves. Et elle est d\u00e9c\u00e9d\u00e9e quelques heures plus tard. L\u2019enqu\u00eate se poursuit.<\/p>\n<p class=\" wall-content\">Personnalisez votre actualit\u00e9 en ajoutant vos villes et m\u00e9dias en favori avec <a href=\"https:\/\/moncompte.actu.fr\" title=\"D\u00e9couvez Mon Actu\" rel=\"nofollow noopener\" data-trk=\"{&quot;cta&quot;:{&quot;action&quot;:&quot;https:\\\/\\\/moncompte.actu.fr&quot;,&quot;category&quot;:&quot;mon compte&quot;,&quot;from&quot;:&quot;article footer&quot;,&quot;name&quot;:&quot;Mon actu&quot;,&quot;type&quot;:&quot;cta&quot;}}\" target=\"_blank\">Mon Actu<\/a>.<\/p>\n","protected":false},"excerpt":{"rendered":"Par Jean-Marc Aubert Publi\u00e9 le 20 ao\u00fbt 2025 \u00e0 18h28 Une nonag\u00e9naire bless\u00e9e ce dimanche \u00e0 Montpellier, lors&hellip;\n","protected":false},"author":2,"featured_media":332033,"comment_status":"","ping_status":"","sticky":false,"template":"","format":"standard","meta":{"footnotes":""},"categories":[9599],"tags":[1111,11,1777,674,118,1011,27,2208,12,2680,1072,1311,25],"class_list":{"0":"post-332032","1":"post","2":"type-post","3":"status-publish","4":"format-standard","5":"has-post-thumbnail","7":"category-montpellier","8":"tag-actu","9":"tag-actualites","10":"tag-eu","11":"tag-europe","12":"tag-faits-divers","13":"tag-fr","14":"tag-france","15":"tag-montpellier","16":"tag-news","17":"tag-occitanie","18":"tag-police","19":"tag-pompiers","20":"tag-republique-francaise"},"share_on_mastodon":{"url":"https:\/\/pubeurope.com\/@fr\/115062174158124534","error":""},"_links":{"self":[{"href":"https:\/\/www.europesays.com\/fr\/wp-json\/wp\/v2\/posts\/332032","targetHints":{"allow":["GET"]}}],"collection":[{"href":"https:\/\/www.europesays.com\/fr\/wp-json\/wp\/v2\/posts"}],"about":[{"href":"https:\/\/www.europesays.com\/fr\/wp-json\/wp\/v2\/types\/post"}],"author":[{"embeddable":true,"href":"https:\/\/www.europesays.com\/fr\/wp-json\/wp\/v2\/users\/2"}],"replies":[{"embeddable":true,"href":"https:\/\/www.europesays.com\/fr\/wp-json\/wp\/v2\/comments?post=332032"}],"version-history":[{"count":0,"href":"https:\/\/www.europesays.com\/fr\/wp-json\/wp\/v2\/posts\/332032\/revisions"}],"wp:featuredmedia":[{"embeddable":true,"href":"https:\/\/www.europesays.com\/fr\/wp-json\/wp\/v2\/media\/332033"}],"wp:attachment":[{"href":"https:\/\/www.europesays.com\/fr\/wp-json\/wp\/v2\/media?parent=332032"}],"wp:term":[{"taxonomy":"category","embeddable":true,"href":"https:\/\/www.europesays.com\/fr\/wp-json\/wp\/v2\/categories?post=332032"},{"taxonomy":"post_tag","embeddable":true,"href":"https:\/\/www.europesays.com\/fr\/wp-json\/wp\/v2\/tags?post=332032"}],"curies":[{"name":"wp","href":"https:\/\/api.w.org\/{rel}","templated":true}]}}