{"id":332034,"date":"2025-08-20T17:03:11","date_gmt":"2025-08-20T17:03:11","guid":{"rendered":"https:\/\/www.europesays.com\/fr\/332034\/"},"modified":"2025-08-20T17:03:11","modified_gmt":"2025-08-20T17:03:11","slug":"la-police-arrete-deux-suspects-dans-un-parking-souterrain-a-rouen","status":"publish","type":"post","link":"https:\/\/www.europesays.com\/fr\/332034\/","title":{"rendered":"la police arr\u00eate deux suspects dans un parking souterrain \u00e0 Rouen"},"content":{"rendered":"<p>\t\t\t\t\t A leur arriv\u00e9e sur place, les policiers de la brigade anticriminalit\u00e9 et de la brigade canine entendent \u00e0 leur tour un ronronnement de moteur provenant du deuxi\u00e8me niveau du parking en sous-sol. En inspectant les lieux, ils d\u00e9couvrent une voiture avec deux hommes \u00e0 bord. Le v\u00e9hicule, moteur tournant, est d\u00e9pourvu de plaque d\u2019immatriculation. <\/p>\n<p>Les agents retrouvent cette derni\u00e8re \u00e0 proximit\u00e9, au sol : une lettre y avait \u00e9t\u00e9 grossi\u00e8rement falsifi\u00e9e, le \u00ab R \u00bb transform\u00e9 en \u00ab B \u00bb. Dans l\u2019habitacle, les policiers saisissent \u00e9galement une paire de gants, une pince \u00e0 rivets et une visseuse \u00e9lectrique.\n\t\t\t\t <\/p>\n","protected":false},"excerpt":{"rendered":"A leur arriv\u00e9e sur place, les policiers de la brigade anticriminalit\u00e9 et de la brigade canine entendent \u00e0&hellip;\n","protected":false},"author":2,"featured_media":332035,"comment_status":"","ping_status":"","sticky":false,"template":"","format":"standard","meta":{"footnotes":""},"categories":[9587],"tags":[1111,11,1777,674,1011,27,1934,12,5161,25,9590,5163],"class_list":{"0":"post-332034","1":"post","2":"type-post","3":"status-publish","4":"format-standard","5":"has-post-thumbnail","7":"category-rouen","8":"tag-actu","9":"tag-actualites","10":"tag-eu","11":"tag-europe","12":"tag-fr","13":"tag-france","14":"tag-infos-locales","15":"tag-news","16":"tag-normandie","17":"tag-republique-francaise","18":"tag-rouen","19":"tag-seine-maritime"},"share_on_mastodon":{"url":"https:\/\/pubeurope.com\/@fr\/115062178150186216","error":""},"_links":{"self":[{"href":"https:\/\/www.europesays.com\/fr\/wp-json\/wp\/v2\/posts\/332034","targetHints":{"allow":["GET"]}}],"collection":[{"href":"https:\/\/www.europesays.com\/fr\/wp-json\/wp\/v2\/posts"}],"about":[{"href":"https:\/\/www.europesays.com\/fr\/wp-json\/wp\/v2\/types\/post"}],"author":[{"embeddable":true,"href":"https:\/\/www.europesays.com\/fr\/wp-json\/wp\/v2\/users\/2"}],"replies":[{"embeddable":true,"href":"https:\/\/www.europesays.com\/fr\/wp-json\/wp\/v2\/comments?post=332034"}],"version-history":[{"count":0,"href":"https:\/\/www.europesays.com\/fr\/wp-json\/wp\/v2\/posts\/332034\/revisions"}],"wp:featuredmedia":[{"embeddable":true,"href":"https:\/\/www.europesays.com\/fr\/wp-json\/wp\/v2\/media\/332035"}],"wp:attachment":[{"href":"https:\/\/www.europesays.com\/fr\/wp-json\/wp\/v2\/media?parent=332034"}],"wp:term":[{"taxonomy":"category","embeddable":true,"href":"https:\/\/www.europesays.com\/fr\/wp-json\/wp\/v2\/categories?post=332034"},{"taxonomy":"post_tag","embeddable":true,"href":"https:\/\/www.europesays.com\/fr\/wp-json\/wp\/v2\/tags?post=332034"}],"curies":[{"name":"wp","href":"https:\/\/api.w.org\/{rel}","templated":true}]}}