{"id":332036,"date":"2025-08-20T17:04:15","date_gmt":"2025-08-20T17:04:15","guid":{"rendered":"https:\/\/www.europesays.com\/fr\/332036\/"},"modified":"2025-08-20T17:04:15","modified_gmt":"2025-08-20T17:04:15","slug":"pres-de-rouen-cette-ville-obtient-une-prestigieuse-reconnaissance","status":"publish","type":"post","link":"https:\/\/www.europesays.com\/fr\/332036\/","title":{"rendered":"pr\u00e8s de Rouen, cette ville obtient une prestigieuse reconnaissance"},"content":{"rendered":"<p>            Par<br \/>\n        <strong><br \/>\n            <a href=\"https:\/\/actu.fr\/auteur\/laredaction\" title=\"Consulter tous les articles de R\u00e9daction Normandie\" target=\"_blank\" rel=\"noopener\">R\u00e9daction Normandie<\/a><br \/>\n        <\/strong><\/p>\n<p>        Publi\u00e9 le<\/p>\n<p>            20 ao\u00fbt 2025 \u00e0 18h04        <\/p>\n<p>Ils le disent haut et fort : <strong>\u00ab C\u2019est historique et unique ! \u00bb<\/strong>. Ainsi, Malaunay, dans l\u2019agglo de Rouen, est la <strong>premi\u00e8re ville de Normandie<\/strong> \u00e0 obtenir la plus haute distinction du label Territoire Engag\u00e9 pour une Transition \u00c9cologique de l\u2019Ademe mais aussi la premi\u00e8re en France dans la cat\u00e9gorie des villes de moins de 20 000 habitants. Une cinqui\u00e8me \u00e9toile qui atteste de l\u2019exemplarit\u00e9 du projet communal en mati\u00e8re de transition, dans une d\u00e9marche plurielle et syst\u00e9mique<strong> construite sur pr\u00e8s de 20\u00a0ann\u00e9es<\/strong>.<\/p>\n<p>Des ann\u00e9es d\u2019investissement<\/p>\n<p class=\" wall-content\">\u00ab La fiert\u00e9 est \u00e9norme, pour l\u2019\u00e9quipe municipale et pour les agents, devant un tel label \u00bb, s\u2019\u00e9meut le maire de Malaunay, Guillaume Coutey. \u00ab Je dis souvent que j\u2019ai la meilleure \u00e9quipe pour porter ce projet de transition<strong> car elle est compos\u00e9e de 130\u00a0acteurs<\/strong>. Tous les \u00e9lus et tous les agents, ambassadeurs et faiseurs de la transition \u00bb.<\/p>\n<p class=\" wall-content\">Depuis 2015, l\u2019\u00e9lu a voulu \u00ab prouver qu\u2019une petite commune peut f\u00e9d\u00e9rer, mobiliser, innover et faire mod\u00e8le pour celles et ceux qui doutent encore de leur potentiel et de leur capacit\u00e9 \u00e0 agir \u00bb.<\/p>\n<p class=\" wall-content\">La commune a ainsi investi dans les enjeux de transition \u00e9nerg\u00e9tique d\u00e8s 2012, avant d\u2019\u00e9tendre son action dans une approche plurielle : \u00ab Nous avons chauss\u00e9 les lunettes du d\u00e9veloppement durable ; d\u00e8s lors, il n\u2019est plus possible<strong> de mener une action sans en appr\u00e9hender l\u2019impact \u00e9cologique<\/strong> \u00bb, affirme le maire.<\/p>\n<p>Une politique publique engag\u00e9e<\/p>\n<p class=\" wall-content\">Cette transition syst\u00e9mique s\u2019est construite <strong>autour d\u2019une approche globale<\/strong> et concr\u00e8te, en agissant \u00e0 tous les niveaux : urbanisme responsable, r\u00e9novation du patrimoine municipal, pr\u00e9servation de la biodiversit\u00e9 avec notamment un atlas communal, v\u00e9g\u00e9talisation des espaces publics, mix \u00e9nerg\u00e9tique pour le chauffage des b\u00e2timents communaux, politiques d\u00e9chets, mobilit\u00e9, achats responsables.<\/p>\n<p class=\" wall-content\">La Ville a aussi mis\u00e9 sur <strong>l\u2019implication citoyenne<\/strong> pour d\u00e9ployer ses politiques publiques avec l\u2019installation d\u2019un mara\u00eecher bio local, l\u2019accompagnement des habitants pour la r\u00e9novation \u00e9nerg\u00e9tique de leurs logements, l\u2019augmentation du bio et\/ou du local dans les cantines, le d\u00e9veloppement d\u2019une politique pro-v\u00e9lo pour encourager les mobilit\u00e9s douces ou encore plateforme citoyenne et d\u00e9fis engageants pour conduire le changement en embarquant les acteurs et citoyens.<\/p>\n<p>Votre r\u00e9gion, votre actu !<\/p>\n<p>Recevez chaque jour les infos qui comptent pour vous.<\/p>\n<p>\t<a href=\"https:\/\/actu.fr\/newsletter\" class=\"ac-btn ac-btn--corner ac-btn--medium ac-btn--blue800\" target=\"_blank\" rel=\"noopener\">S&rsquo;incrire<\/a><br \/>\nUne influence sur tout le territoire<\/p>\n<p class=\" wall-content\">Malaunay ne s\u2019est pas content\u00e9e d\u2019agir pour sa propre transition. Aujourd\u2019hui, la Ville inspire et joue pleinement son r\u00f4le de moteur pour tout le territoire.<strong> Les bailleurs sociaux,<\/strong> par exemple, n\u2019h\u00e9sitent plus \u00e0 porter des projets exemplaires car ils savent pouvoir compter sur le soutien actif de la municipalit\u00e9.<\/p>\n<p class=\" wall-content\">Les entreprises et artisans s\u2019engagent davantage vers une production responsable, convaincus par l\u2019\u00e9lan collectif et les r\u00e9sultats concrets d\u00e9j\u00e0 observ\u00e9s. Cet effet d\u2019entra\u00eenement n\u2019est pas le fruit du hasard. \u00ab Nous avons sollicit\u00e9 beaucoup d\u2019experts, et aujourd\u2019hui les experts nous sollicitent \u00bb, r\u00e9sume le premier \u00e9dile.<\/p>\n<p>De nombreuses collaborations<\/p>\n<p class=\" wall-content\">Devenue Laboratoire de solutions, la ville a d\u00e9velopp\u00e9 des collaborations diverses, comme avec <strong>Terraleo<\/strong> sur la r\u00e9cup\u00e9ration des d\u00e9chets de cuisine aupr\u00e8s des restaurants, avec Enedis pour mettre en \u0153uvre les premi\u00e8res conventions d\u2019autoconsommations collectives \u00e9tendues \u00e0 l\u2019\u00e9chelle nationale, avec les entreprises malaunaysiennes Nutriset et Legrand autour des enjeux \u00e9nerg\u00e9tiques ou bien avec l\u2019entreprise Eaton pour un syst\u00e8me de stockage d\u2019\u00e9nergie produite par les panneaux photovolta\u00efques, en installant un de leurs mod\u00e8les dans l\u2019\u00e9glise.<\/p>\n<p class=\" wall-content\">\u00c0 l\u2019\u00e9chelle de la M\u00e9tropole Rouen Normandie, Guillaume Coutey a accept\u00e9 un r\u00f4le d\u2019ambassadeur pour entra\u00eener derri\u00e8re lui les 70 autres communes \u00e0 proposer des actions <strong>pour d\u00e9ployer la COP21 locale.<\/strong> Pr\u00e8s de 1 200 engagements issus des communes, des entreprises et des citoyens ont nourri l\u2019accord de Rouen pour le climat sign\u00e9 fin 2018 qui se d\u00e9ploie encore dans le sch\u00e9ma mis \u00e0 jour, d\u00e9sormais orient\u00e9 2030.<\/p>\n<p>Un bon \u00e9quilibre financier<\/p>\n<p class=\" wall-content\">La Ville de Malaunay a donc fait de la transition \u00e9nerg\u00e9tique et \u00e9cologique une priorit\u00e9, avec la conviction qu\u2019agir pour le climat et la biodiversit\u00e9 est non seulement n\u00e9cessaire, mais qu\u2019il serait bien plus co\u00fbteux de ne rien faire. \u00c0 travers ce qu\u2019elle nomme d\u00e9sormais le co\u00fbt de l\u2019inaction, qui se traduirait par une d\u00e9gradation accrue de son patrimoine et ses finances, elle d\u00e9montre qu\u2019investir aujourd\u2019hui dans une transition syst\u00e9mique est un choix responsable et porteur d\u2019avenir et qu\u2019il doit motiver tous les acteurs publics \u00e0 agir, vite.<\/p>\n<p class=\" wall-content\">Preuve solide de la validit\u00e9 de sa d\u00e9marche, Malaunay a \u00e9t\u00e9 pour la premi\u00e8re fois contr\u00f4l\u00e9e par la Chambre r\u00e9gionale des comptes en 2025, sur la situation financi\u00e8re de la commune, la fiabilit\u00e9 de ses comptes, ses ressources humaines et sa d\u00e9marche de transition \u00e9cologique, sur la p\u00e9riode allant de 2018 \u00e0 2023.<\/p>\n<p>14,4\u00a0millions d\u2019euros investis en 5\u00a0ans<\/p>\n<p class=\" wall-content\">Le rapport d\u00e9finitif pr\u00e9sente des chiffres illustrant une bonne gestion de l\u2019argent public : <strong>82 % des d\u00e9penses d\u2019\u00e9quipement sont orient\u00e9es vers la transition \u00e9cologique<\/strong> du territoire, un chiffre nettement sup\u00e9rieur \u00e0 la moyenne de la strate.<\/p>\n<p class=\" wall-content\">Au cours de la p\u00e9riode contr\u00f4l\u00e9e, les d\u00e9penses d\u2019\u00e9quipement se sont \u00e9lev\u00e9es \u00e0 14,4 millions d\u2019euros, avec une recherche syst\u00e9matique de subventions mobilis\u00e9es dans la dur\u00e9e, \u00e0 un niveau tr\u00e8s \u00e9lev\u00e9 avec 192 euros par habitant (contre 72 euros en moyenne pour les villes de la m\u00eame taille). L\u2019emprunt a servi \u00e0 couvrir seulement 10 % de ces d\u00e9penses. D\u2019o\u00f9 un ratio d\u2019endettement tr\u00e8s raisonnable, qui se situe \u00e0 quatre ans.<\/p>\n<p>Une reconnaissance europ\u00e9enne ?<\/p>\n<p class=\" wall-content\">Avec cette distinction, Malaunay rejoint <strong>les 12 villes fran\u00e7aises d\u00e9j\u00e0 reconnues<\/strong> pour leur engagement exemplaire. La remise officielle du troph\u00e9e se tiendra au Salon des Maires, les 26 et 27\u00a0novembre prochains. Mais, ce n\u2019est pas tout, car apr\u00e8s l\u2019obtention de sa cinqui\u00e8me \u00e9toile, la ville vise d\u00e9sormais une reconnaissance au plus haut niveau, cette fois-ci \u00e0 l\u2019\u00e9chelle europ\u00e9enne.<\/p>\n<blockquote class=\"ac-article-quote wall-content\">\n<p>On continue de croire que l\u2019on peut aller toujours plus loin ensemble !<\/p>\n<p>Guillaume Coutey, maire de Malaunay<\/p><\/blockquote>\n<p class=\" wall-content\">Sa nouvelle distinction permet aujourd\u2019hui \u00e0 la municipalit\u00e9 de pr\u00e9senter son dossier aupr\u00e8s de l\u2019association European Energy Award Gold, l\u2019\u00e9quivalent europ\u00e9en du label cinq \u00e9toiles. D\u00e8s cet automne, elle pourra ainsi concourir pour rejoindre le cercle tr\u00e8s restreint <strong>des villes les plus avanc\u00e9es en Europe en mati\u00e8re de transition \u00e9cologique<\/strong>, aux c\u00f4t\u00e9s de communes pionni\u00e8res comme Lausanne, Gen\u00e8ve ou M\u00fcnster.<\/p>\n<p class=\" wall-content\">Une reconnaissance qui placerait la ville comme mod\u00e8le au niveau europ\u00e9en, malgr\u00e9 sa taille modeste : \u00ab Oui, nous osons avoir l\u2019ambition de d\u00e9montrer qu\u2019une petite collectivit\u00e9 peut se hisser parmi les territoires europ\u00e9ens les plus exemplaires \u00bb, clame Guillaume Coutey. \u00ab Le r\u00eave, le d\u00e9sirable, l\u2019imaginaire a \u00e9t\u00e9 important dans toute cette aventure, alors on continue de croire que l\u2019on peut aller toujours plus loin ensemble ! \u00bb<\/p>\n<p>Suivez l\u2019actualit\u00e9 de Rouen <a href=\"https:\/\/www.whatsapp.com\/channel\/0029VaKfnf99hXF2ddApFB1D\" target=\"_blank\" rel=\"noopener\">sur notre cha\u00eene WhatsApp<\/a> et <a href=\"https:\/\/www.tiktok.com\/@76actu.fr?lang=fr\" target=\"_blank\" rel=\"noopener\">sur notre compte TikTok<\/a><\/p>\n<p class=\" wall-content\">Personnalisez votre actualit\u00e9 en ajoutant vos villes et m\u00e9dias en favori avec <a href=\"https:\/\/moncompte.actu.fr\" title=\"D\u00e9couvez Mon Actu\" rel=\"nofollow noopener\" data-trk=\"{&quot;cta&quot;:{&quot;action&quot;:&quot;https:\\\/\\\/moncompte.actu.fr&quot;,&quot;category&quot;:&quot;mon compte&quot;,&quot;from&quot;:&quot;article footer&quot;,&quot;name&quot;:&quot;Mon actu&quot;,&quot;type&quot;:&quot;cta&quot;}}\" target=\"_blank\">Mon Actu<\/a>.<\/p>\n<p>                    <script async src=\"\/\/www.tiktok.com\/embed.js\"><\/script><\/p>\n","protected":false},"excerpt":{"rendered":"Par R\u00e9daction Normandie Publi\u00e9 le 20 ao\u00fbt 2025 \u00e0 18h04 Ils le disent haut et fort : \u00ab&hellip;\n","protected":false},"author":2,"featured_media":332037,"comment_status":"","ping_status":"","sticky":false,"template":"","format":"standard","meta":{"footnotes":""},"categories":[9587],"tags":[1111,11,436,1777,674,1011,27,12,5161,52,25,9590],"class_list":{"0":"post-332036","1":"post","2":"type-post","3":"status-publish","4":"format-standard","5":"has-post-thumbnail","7":"category-rouen","8":"tag-actu","9":"tag-actualites","10":"tag-environnement","11":"tag-eu","12":"tag-europe","13":"tag-fr","14":"tag-france","15":"tag-news","16":"tag-normandie","17":"tag-planete","18":"tag-republique-francaise","19":"tag-rouen"},"share_on_mastodon":{"url":"https:\/\/pubeurope.com\/@fr\/115062182077576997","error":""},"_links":{"self":[{"href":"https:\/\/www.europesays.com\/fr\/wp-json\/wp\/v2\/posts\/332036","targetHints":{"allow":["GET"]}}],"collection":[{"href":"https:\/\/www.europesays.com\/fr\/wp-json\/wp\/v2\/posts"}],"about":[{"href":"https:\/\/www.europesays.com\/fr\/wp-json\/wp\/v2\/types\/post"}],"author":[{"embeddable":true,"href":"https:\/\/www.europesays.com\/fr\/wp-json\/wp\/v2\/users\/2"}],"replies":[{"embeddable":true,"href":"https:\/\/www.europesays.com\/fr\/wp-json\/wp\/v2\/comments?post=332036"}],"version-history":[{"count":0,"href":"https:\/\/www.europesays.com\/fr\/wp-json\/wp\/v2\/posts\/332036\/revisions"}],"wp:featuredmedia":[{"embeddable":true,"href":"https:\/\/www.europesays.com\/fr\/wp-json\/wp\/v2\/media\/332037"}],"wp:attachment":[{"href":"https:\/\/www.europesays.com\/fr\/wp-json\/wp\/v2\/media?parent=332036"}],"wp:term":[{"taxonomy":"category","embeddable":true,"href":"https:\/\/www.europesays.com\/fr\/wp-json\/wp\/v2\/categories?post=332036"},{"taxonomy":"post_tag","embeddable":true,"href":"https:\/\/www.europesays.com\/fr\/wp-json\/wp\/v2\/tags?post=332036"}],"curies":[{"name":"wp","href":"https:\/\/api.w.org\/{rel}","templated":true}]}}