{"id":332038,"date":"2025-08-20T17:05:12","date_gmt":"2025-08-20T17:05:12","guid":{"rendered":"https:\/\/www.europesays.com\/fr\/332038\/"},"modified":"2025-08-20T17:05:12","modified_gmt":"2025-08-20T17:05:12","slug":"lfi-fera-t-il-cavalier-seul-cest-une-possibilite-affirme-bompard","status":"publish","type":"post","link":"https:\/\/www.europesays.com\/fr\/332038\/","title":{"rendered":"LFI fera-t-il cavalier seul\u00a0? \u00ab\u00a0C\u2019est une possibilit\u00e9\u00a0\u00bb, affirme Bompard"},"content":{"rendered":"<p>La semaine derni\u00e8re, le militant Allan Brunon, co-chef de file de La France insoumise pour les municipales \u00e0 Grenoble, a laiss\u00e9 entendre qu\u2019<a href=\"https:\/\/www.ledauphine.com\/elections\/2025\/08\/15\/on-ne-peut-pas-accepter-d-etre-consideres-comme-les-commis-et-si-la-france-insoumise-faisait-cavalier-seul-a-grenoble\" target=\"_blank\" rel=\"nofollow noopener\">une liste en autonomie \u00e9tait une \u00e9ventualit\u00e9<\/a> alors que, depuis 2014, son parti est membre de la majorit\u00e9 municipale aux c\u00f4t\u00e9s des \u00c9cologistes.<\/p>\n<p>\u00ab\u00a0\u00c7a se d\u00e9cidera sans doute dans les prochaines semaines\u00a0\u00bb<\/p>\n<p>Manuel Bompard, coordinateur national de LFI, a d\u00e9clar\u00e9 ce <a href=\"https:\/\/www.ledauphine.com\/politique\/2025\/08\/20\/les-insoumis-esperent-une-mobilisation-tous-azimuts-contre-le-gouvernement-bayrou\" target=\"_blank\" rel=\"nofollow noopener\">mercredi, \u00e0 la veille des universit\u00e9s d\u2019\u00e9t\u00e9 de son parti<\/a> \u00a0: \u00ab\u00a0C\u2019est une possibilit\u00e9, oui. J\u2019appuie \u00e9videmment et soutiens la d\u00e9marche des chefs de file d\u00e9sign\u00e9s par la France insoumise dans cette commune. Pour le moment, ils disent vouloir porter un certain nombre de revendications programmatiques. Celles-ci n\u2019ont pas \u00e9t\u00e9 mises en avant par l\u2019\u00e9quipe sortante. Donc la France insoumise aspire \u00e0 pouvoir les porter dans ces \u00e9lections.\u00a0\u00bb<\/p>\n<p>Il poursuit \u00a0: \u00ab\u00a0Ensuite, sous quelle forme strat\u00e9gique\u00a0? \u00c7a se d\u00e9cidera sans doute dans les prochaines semaines. J\u2019ai toute confiance en l\u2019\u00e9quipe locale de la France insoumise pour prendre la meilleure d\u00e9cision.\u00a0\u00bb<\/p>\n","protected":false},"excerpt":{"rendered":"La semaine derni\u00e8re, le militant Allan Brunon, co-chef de file de La France insoumise pour les municipales \u00e0&hellip;\n","protected":false},"author":2,"featured_media":332039,"comment_status":"","ping_status":"","sticky":false,"template":"","format":"standard","meta":{"footnotes":""},"categories":[9566],"tags":[1111,11,2430,112,4188,1777,674,1011,27,2731,2732,108,2338,12,316,25],"class_list":{"0":"post-332038","1":"post","2":"type-post","3":"status-publish","4":"format-standard","5":"has-post-thumbnail","7":"category-grenoble","8":"tag-actu","9":"tag-actualites","10":"tag-auvergne-rhone-alpes","11":"tag-edition-grenoble-agglomeration","12":"tag-elections-municipales","13":"tag-eu","14":"tag-europe","15":"tag-fr","16":"tag-france","17":"tag-grenoble","18":"tag-grenoble-bassin","19":"tag-isere","20":"tag-la-france-insoumise","21":"tag-news","22":"tag-politique","23":"tag-republique-francaise"},"share_on_mastodon":{"url":"https:\/\/pubeurope.com\/@fr\/115062185952590197","error":""},"_links":{"self":[{"href":"https:\/\/www.europesays.com\/fr\/wp-json\/wp\/v2\/posts\/332038","targetHints":{"allow":["GET"]}}],"collection":[{"href":"https:\/\/www.europesays.com\/fr\/wp-json\/wp\/v2\/posts"}],"about":[{"href":"https:\/\/www.europesays.com\/fr\/wp-json\/wp\/v2\/types\/post"}],"author":[{"embeddable":true,"href":"https:\/\/www.europesays.com\/fr\/wp-json\/wp\/v2\/users\/2"}],"replies":[{"embeddable":true,"href":"https:\/\/www.europesays.com\/fr\/wp-json\/wp\/v2\/comments?post=332038"}],"version-history":[{"count":0,"href":"https:\/\/www.europesays.com\/fr\/wp-json\/wp\/v2\/posts\/332038\/revisions"}],"wp:featuredmedia":[{"embeddable":true,"href":"https:\/\/www.europesays.com\/fr\/wp-json\/wp\/v2\/media\/332039"}],"wp:attachment":[{"href":"https:\/\/www.europesays.com\/fr\/wp-json\/wp\/v2\/media?parent=332038"}],"wp:term":[{"taxonomy":"category","embeddable":true,"href":"https:\/\/www.europesays.com\/fr\/wp-json\/wp\/v2\/categories?post=332038"},{"taxonomy":"post_tag","embeddable":true,"href":"https:\/\/www.europesays.com\/fr\/wp-json\/wp\/v2\/tags?post=332038"}],"curies":[{"name":"wp","href":"https:\/\/api.w.org\/{rel}","templated":true}]}}