{"id":332040,"date":"2025-08-20T17:06:16","date_gmt":"2025-08-20T17:06:16","guid":{"rendered":"https:\/\/www.europesays.com\/fr\/332040\/"},"modified":"2025-08-20T17:06:16","modified_gmt":"2025-08-20T17:06:16","slug":"ligue-2-stade-de-reims-gf38-se-jouera-un-samedi","status":"publish","type":"post","link":"https:\/\/www.europesays.com\/fr\/332040\/","title":{"rendered":"Ligue 2. Stade de Reims &#8211; GF38 se jouera un samedi"},"content":{"rendered":"<p style=\"font-size:20px\"><strong>La LFP a communiqu\u00e9 la programmation de la 9\u00e8me journ\u00e9e de Ligue 2. Le GF38 se d\u00e9placera chez le Stade de Reims le samedi 4 octobre 2025. Le coup d\u2019envoi du match sera donn\u00e9 \u00e0 14 heures.<\/strong><\/p>\n<p>Le programme de la 9\u00e8me journ\u00e9e de Ligue 2 <\/p>\n<p><strong>Vendredi 3 octobre 2025 \u00e0 20h00\u00a0<\/strong><br \/>FC Annecy \u2013 Stade Lavallois MFC<br \/>Pau FC \u2013 Clermont Foot 63<br \/>SC Bastia \u2013 USL Dunkerque<br \/>Amiens SC \u2013 US Boulogne CO<br \/>Le Mans FC \u2013 ESTAC Troyes<br \/>EA Guingamp \u2013 AS Nancy-Lorraine<\/p>\n<p><strong>Samedi 4 octobre 2025 \u00e0 14h00 <\/strong><br \/>Stade de Reims \u2013 Grenoble Foot 38<br \/>Red Star FC \u2013 Rodez AF\u00a0<\/p>\n<p><strong>Samedi 4 octobre 2025 \u00e0 20h00<\/strong><br \/>Montpellier H\u00e9rault SC \u2013 AS Saint-\u00c9tienne<\/p>\n","protected":false},"excerpt":{"rendered":"La LFP a communiqu\u00e9 la programmation de la 9\u00e8me journ\u00e9e de Ligue 2. Le GF38 se d\u00e9placera chez&hellip;\n","protected":false},"author":2,"featured_media":232025,"comment_status":"","ping_status":"","sticky":false,"template":"","format":"standard","meta":{"footnotes":""},"categories":[9566],"tags":[1111,11,2430,1777,674,1011,27,2731,12,25],"class_list":{"0":"post-332040","1":"post","2":"type-post","3":"status-publish","4":"format-standard","5":"has-post-thumbnail","7":"category-grenoble","8":"tag-actu","9":"tag-actualites","10":"tag-auvergne-rhone-alpes","11":"tag-eu","12":"tag-europe","13":"tag-fr","14":"tag-france","15":"tag-grenoble","16":"tag-news","17":"tag-republique-francaise"},"share_on_mastodon":{"url":"https:\/\/pubeurope.com\/@fr\/115062189876089326","error":""},"_links":{"self":[{"href":"https:\/\/www.europesays.com\/fr\/wp-json\/wp\/v2\/posts\/332040","targetHints":{"allow":["GET"]}}],"collection":[{"href":"https:\/\/www.europesays.com\/fr\/wp-json\/wp\/v2\/posts"}],"about":[{"href":"https:\/\/www.europesays.com\/fr\/wp-json\/wp\/v2\/types\/post"}],"author":[{"embeddable":true,"href":"https:\/\/www.europesays.com\/fr\/wp-json\/wp\/v2\/users\/2"}],"replies":[{"embeddable":true,"href":"https:\/\/www.europesays.com\/fr\/wp-json\/wp\/v2\/comments?post=332040"}],"version-history":[{"count":0,"href":"https:\/\/www.europesays.com\/fr\/wp-json\/wp\/v2\/posts\/332040\/revisions"}],"wp:featuredmedia":[{"embeddable":true,"href":"https:\/\/www.europesays.com\/fr\/wp-json\/wp\/v2\/media\/232025"}],"wp:attachment":[{"href":"https:\/\/www.europesays.com\/fr\/wp-json\/wp\/v2\/media?parent=332040"}],"wp:term":[{"taxonomy":"category","embeddable":true,"href":"https:\/\/www.europesays.com\/fr\/wp-json\/wp\/v2\/categories?post=332040"},{"taxonomy":"post_tag","embeddable":true,"href":"https:\/\/www.europesays.com\/fr\/wp-json\/wp\/v2\/tags?post=332040"}],"curies":[{"name":"wp","href":"https:\/\/api.w.org\/{rel}","templated":true}]}}