{"id":332041,"date":"2025-08-20T17:07:13","date_gmt":"2025-08-20T17:07:13","guid":{"rendered":"https:\/\/www.europesays.com\/fr\/332041\/"},"modified":"2025-08-20T17:07:13","modified_gmt":"2025-08-20T17:07:13","slug":"rennes-est-la-troisieme-ville-de-france-ou-le-cout-de-la-vie-etudiante-a-le-plus-augmente-en-2025","status":"publish","type":"post","link":"https:\/\/www.europesays.com\/fr\/332041\/","title":{"rendered":"Rennes est\u00a0la troisi\u00e8me ville de France o\u00f9 le co\u00fbt de la vie \u00e9tudiante a le plus augment\u00e9 en 2025"},"content":{"rendered":"<p><a href=\"https:\/\/www.letelegramme.fr\/auteurs\/marwan-nabli\" target=\"_blank\" rel=\"noopener\"><img decoding=\"async\" src=\"https:\/\/www.europesays.com\/fr\/wp-content\/uploads\/2025\/08\/660452305bf5cb536e39f7d8.1.jpeg\"   width=\"160\" height=\"160\" class=\"web_square_xs\" loading=\"eager\" alt=\"Marwan Nabli\" title=\"Marwan Nabli\"\/><\/a><\/p>\n<p class=\"tlg-h5\">Le syndicat \u00e9tudiant, l\u2019UNEF, a d\u00e9voil\u00e9, ce mercredi, son classement de l\u2019\u00e9volution du co\u00fbt de la vie \u00e9tudiante dans 47 villes de France. Rennes est\u00a0la troisi\u00e8me ville, en dehors de Paris, o\u00f9 les prix ont le plus augment\u00e9. \u00c0 Brest, les jeunes doivent composer avec une hausse des loyers de 790\u00a0\u20ac, en moyenne, par an.<\/p>\n<p><img fetchpriority=\"high\" decoding=\"async\" src=\"https:\/\/www.europesays.com\/fr\/wp-content\/uploads\/2025\/08\/68a5ff6de7079735a00e16be.1.jpeg\" width=\"960\" height=\"600\" class=\"web_golden_xl\" loading=\"eager\" alt=\"Le co\u00fbt de la vie \u00e9tudiante a augment\u00e9 de 4,12\u00a0% en France, selon l\u2019UNEF.\"\/>Le co\u00fbt de la vie \u00e9tudiante a augment\u00e9 de 4,12\u00a0% en France, selon l\u2019UNEF. (Lionel Le Saux\/Archives Le T\u00e9l\u00e9gramme)<\/p>\n","protected":false},"excerpt":{"rendered":"Le syndicat \u00e9tudiant, l\u2019UNEF, a d\u00e9voil\u00e9, ce mercredi, son classement de l\u2019\u00e9volution du co\u00fbt de la vie \u00e9tudiante&hellip;\n","protected":false},"author":2,"featured_media":332042,"comment_status":"","ping_status":"","sticky":false,"template":"","format":"standard","meta":{"footnotes":""},"categories":[2821],"tags":[1111,11,829,1057,46925,765,6379,1777,674,1011,27,848,12,584,25],"class_list":{"0":"post-332041","1":"post","2":"type-post","3":"status-publish","4":"format-standard","5":"has-post-thumbnail","7":"category-rennes","8":"tag-actu","9":"tag-actualites","10":"tag-bretagne","11":"tag-education","12":"tag-education-formation","13":"tag-en-continu","14":"tag-etudiants","15":"tag-eu","16":"tag-europe","17":"tag-fr","18":"tag-france","19":"tag-ille-et-vilaine","20":"tag-news","21":"tag-rennes","22":"tag-republique-francaise"},"share_on_mastodon":{"url":"https:\/\/pubeurope.com\/@fr\/115062193814903886","error":""},"_links":{"self":[{"href":"https:\/\/www.europesays.com\/fr\/wp-json\/wp\/v2\/posts\/332041","targetHints":{"allow":["GET"]}}],"collection":[{"href":"https:\/\/www.europesays.com\/fr\/wp-json\/wp\/v2\/posts"}],"about":[{"href":"https:\/\/www.europesays.com\/fr\/wp-json\/wp\/v2\/types\/post"}],"author":[{"embeddable":true,"href":"https:\/\/www.europesays.com\/fr\/wp-json\/wp\/v2\/users\/2"}],"replies":[{"embeddable":true,"href":"https:\/\/www.europesays.com\/fr\/wp-json\/wp\/v2\/comments?post=332041"}],"version-history":[{"count":0,"href":"https:\/\/www.europesays.com\/fr\/wp-json\/wp\/v2\/posts\/332041\/revisions"}],"wp:featuredmedia":[{"embeddable":true,"href":"https:\/\/www.europesays.com\/fr\/wp-json\/wp\/v2\/media\/332042"}],"wp:attachment":[{"href":"https:\/\/www.europesays.com\/fr\/wp-json\/wp\/v2\/media?parent=332041"}],"wp:term":[{"taxonomy":"category","embeddable":true,"href":"https:\/\/www.europesays.com\/fr\/wp-json\/wp\/v2\/categories?post=332041"},{"taxonomy":"post_tag","embeddable":true,"href":"https:\/\/www.europesays.com\/fr\/wp-json\/wp\/v2\/tags?post=332041"}],"curies":[{"name":"wp","href":"https:\/\/api.w.org\/{rel}","templated":true}]}}