{"id":332043,"date":"2025-08-20T17:08:10","date_gmt":"2025-08-20T17:08:10","guid":{"rendered":"https:\/\/www.europesays.com\/fr\/332043\/"},"modified":"2025-08-20T17:08:10","modified_gmt":"2025-08-20T17:08:10","slug":"cisse-dans-le-viseur-de-linter-milan","status":"publish","type":"post","link":"https:\/\/www.europesays.com\/fr\/332043\/","title":{"rendered":"Ciss\u00e9 dans le viseur de l&rsquo;Inter Milan"},"content":{"rendered":"<p class=\"date\">\n                                                            Juba Touabi, Media365, publi\u00e9 le mercredi 20 ao\u00fbt 2025 \u00e0 18h45\n                                                    <\/p>\n<p>R\u00e9v\u00e9lation de la saison avec le Stade Rennais et d\u00e9sormais indiscutable en \u00e9quipe de France Espoirs, Djaoui Ciss\u00e9 (21 ans) suscite un int\u00e9r\u00eat croissant au-del\u00e0 des fronti\u00e8res.<\/p>\n<p>Le milieu de terrain, appr\u00e9ci\u00e9 pour sa vision de jeu et son impact dans l&rsquo;entrejeu, figure d\u00e9sormais sur les tablettes de l&rsquo;Inter Milan selon les informations du m\u00e9dia italien la Gazzetta dello Sport. Le club lombard, en qu\u00eate d&rsquo;une alternative \u00e0 Manu Kon\u00e9, cible prioritaire de son recrutement, suit de pr\u00e8s l&rsquo;\u00e9volution du jeune Rennais durant ce march\u00e9 des transferts estival.<\/p>\n<p>Rennes veut garder Ciss\u00e9<\/p>\n<p>L&rsquo;op\u00e9ration reste toutefois compliqu\u00e9e. Prolong\u00e9 r\u00e9cemment jusqu&rsquo;en 2029, Ciss\u00e9 est consid\u00e9r\u00e9 comme l&rsquo;un des actifs les plus prometteurs du SRFC. Rennes, d\u00e9termin\u00e9 \u00e0 conserver son talent, ne va pas s&rsquo;assoir pas \u00e0 la table des n\u00e9gociations en dessous de 30 millions d&rsquo;euros, un montant jug\u00e9 \u00e9lev\u00e9 par les Nerazzurri, encore en phase d&rsquo;\u00e9valuation de leurs options.<\/p>\n<p>Habib Beye, entra\u00eeneur du club breton, a rappel\u00e9 \u00e0 plusieurs reprises le r\u00f4le central du joueur dans son projet. Tout en soulignant son importance dans l&rsquo;\u00e9quilibre collectif, il veille n\u00e9anmoins \u00e0 g\u00e9rer son temps de jeu avec prudence, pour accompagner sa progression sans br\u00fbler les \u00e9tapes. Ce dossier illustre les d\u00e9fis actuels du Stade Rennais : compenser le d\u00e9part d&rsquo;Arnaud Kalimuendo tout en r\u00e9sistant aux assauts r\u00e9p\u00e9t\u00e9s des grands clubs europ\u00e9ens sur ses jeunes pousses.<\/p>\n","protected":false},"excerpt":{"rendered":"Juba Touabi, Media365, publi\u00e9 le mercredi 20 ao\u00fbt 2025 \u00e0 18h45 R\u00e9v\u00e9lation de la saison avec le Stade&hellip;\n","protected":false},"author":2,"featured_media":332044,"comment_status":"","ping_status":"","sticky":false,"template":"","format":"standard","meta":{"footnotes":""},"categories":[2821],"tags":[1111,11,829,1777,674,1011,27,12,584,25],"class_list":{"0":"post-332043","1":"post","2":"type-post","3":"status-publish","4":"format-standard","5":"has-post-thumbnail","7":"category-rennes","8":"tag-actu","9":"tag-actualites","10":"tag-bretagne","11":"tag-eu","12":"tag-europe","13":"tag-fr","14":"tag-france","15":"tag-news","16":"tag-rennes","17":"tag-republique-francaise"},"share_on_mastodon":{"url":"https:\/\/pubeurope.com\/@fr\/115062197807407846","error":""},"_links":{"self":[{"href":"https:\/\/www.europesays.com\/fr\/wp-json\/wp\/v2\/posts\/332043","targetHints":{"allow":["GET"]}}],"collection":[{"href":"https:\/\/www.europesays.com\/fr\/wp-json\/wp\/v2\/posts"}],"about":[{"href":"https:\/\/www.europesays.com\/fr\/wp-json\/wp\/v2\/types\/post"}],"author":[{"embeddable":true,"href":"https:\/\/www.europesays.com\/fr\/wp-json\/wp\/v2\/users\/2"}],"replies":[{"embeddable":true,"href":"https:\/\/www.europesays.com\/fr\/wp-json\/wp\/v2\/comments?post=332043"}],"version-history":[{"count":0,"href":"https:\/\/www.europesays.com\/fr\/wp-json\/wp\/v2\/posts\/332043\/revisions"}],"wp:featuredmedia":[{"embeddable":true,"href":"https:\/\/www.europesays.com\/fr\/wp-json\/wp\/v2\/media\/332044"}],"wp:attachment":[{"href":"https:\/\/www.europesays.com\/fr\/wp-json\/wp\/v2\/media?parent=332043"}],"wp:term":[{"taxonomy":"category","embeddable":true,"href":"https:\/\/www.europesays.com\/fr\/wp-json\/wp\/v2\/categories?post=332043"},{"taxonomy":"post_tag","embeddable":true,"href":"https:\/\/www.europesays.com\/fr\/wp-json\/wp\/v2\/tags?post=332043"}],"curies":[{"name":"wp","href":"https:\/\/api.w.org\/{rel}","templated":true}]}}