{"id":332045,"date":"2025-08-20T17:09:11","date_gmt":"2025-08-20T17:09:11","guid":{"rendered":"https:\/\/www.europesays.com\/fr\/332045\/"},"modified":"2025-08-20T17:09:11","modified_gmt":"2025-08-20T17:09:11","slug":"cine-debat-la-promesse-de-l-aidant-rencontre-conference-a-geispolsheim","status":"publish","type":"post","link":"https:\/\/www.europesays.com\/fr\/332045\/","title":{"rendered":"Cine debat \u00ab La Promesse de l Aidant \u00bb : Rencontre, conference a Geispolsheim"},"content":{"rendered":"<p>\t\t\t\t\t\t\t\t\t<a href=\"https:\/\/www.lalsace.fr\/pour-sortir\/loisirs\/Rencontre-conference\/Autres-rencontres\/Alsace\/Bas-rhin\/Geispolsheim\/2025\/09\/23\/javascript:history.back();\" rel=\"nofollow noopener\" class=\"backToSearch\" target=\"_blank\">Retour \u00e0 la recherche<\/a><\/p>\n<p class=\"media-desc\" itemprop=\"description\">&#13;<br \/>\n\t\t\t\t\tLa commune de Geispolsheim propose une soir\u00e9e cin\u00e9-d\u00e9bat \u00ab La Promesse de l&rsquo;Aidant \u00bb un film (90mn) et un \u00e9change \u00e0 l\u2019issue de la projection en pr\u00e9sence du r\u00e9alisateur Edouard CARRION et d\u2019une psychologue du territoire, qui accompagne  des aidants au quotidien. Entr\u00e9e libre sur inscription.&#13;<br \/>\n\t\t\t\t\t\t\t\t\t\t\t&#13;<br \/>\n\t\t\t\t\t\t\t\t\t\tGrand public, aidants, professionnels, b\u00e9n\u00e9voles, \u00e9tudiants. En France, 9.3 millions de personnes d\u00e9clarent apporter une aide r\u00e9guli\u00e8re \u00e0 un proche en situation de handicap ou en perte d\u2019autonomie en 2021. Beaucoup de personne ne se reconnaissent pas aidant, m\u00eame si elles aident un proche r\u00e9guli\u00e8rement. Les liens affectifs et l&rsquo;histoire commune poussent bien souvent les proches \u00e0 donner sans compter au risque de s&rsquo;\u00e9puiser physiquement, moralement et d\u2019isolement social.<br \/>\nLe film aborde le r\u00f4le crucial des aidants dans le maintien \u00e0 domicile de leurs proches aid\u00e9s, mais aussi les facteurs qui peuvent les conduire \u00e0 s\u2019\u00e9puiser et s\u2019isoler, en oubliant leurs propres besoins. Il souligne la n\u00e9cessit\u00e9, pour les aidants, de prendre conscience des mesures de pr\u00e9vention concr\u00e8tes \u00e0 instaurer, mais aussi de savoir poser des limites, se faire aider, prendre soin d\u2019eux.&#13;\n\t\t\t\t  <\/p>\n","protected":false},"excerpt":{"rendered":"Retour \u00e0 la recherche &#13; La commune de Geispolsheim propose une soir\u00e9e cin\u00e9-d\u00e9bat \u00ab La Promesse de l&rsquo;Aidant&hellip;\n","protected":false},"author":2,"featured_media":332046,"comment_status":"","ping_status":"","sticky":false,"template":"","format":"standard","meta":{"footnotes":""},"categories":[2820],"tags":[1111,11,1777,674,1011,27,775,12,25,640],"class_list":{"0":"post-332045","1":"post","2":"type-post","3":"status-publish","4":"format-standard","5":"has-post-thumbnail","7":"category-strasbourg","8":"tag-actu","9":"tag-actualites","10":"tag-eu","11":"tag-europe","12":"tag-fr","13":"tag-france","14":"tag-grand-est","15":"tag-news","16":"tag-republique-francaise","17":"tag-strasbourg"},"share_on_mastodon":{"url":"https:\/\/pubeurope.com\/@fr\/115062201695285788","error":""},"_links":{"self":[{"href":"https:\/\/www.europesays.com\/fr\/wp-json\/wp\/v2\/posts\/332045","targetHints":{"allow":["GET"]}}],"collection":[{"href":"https:\/\/www.europesays.com\/fr\/wp-json\/wp\/v2\/posts"}],"about":[{"href":"https:\/\/www.europesays.com\/fr\/wp-json\/wp\/v2\/types\/post"}],"author":[{"embeddable":true,"href":"https:\/\/www.europesays.com\/fr\/wp-json\/wp\/v2\/users\/2"}],"replies":[{"embeddable":true,"href":"https:\/\/www.europesays.com\/fr\/wp-json\/wp\/v2\/comments?post=332045"}],"version-history":[{"count":0,"href":"https:\/\/www.europesays.com\/fr\/wp-json\/wp\/v2\/posts\/332045\/revisions"}],"wp:featuredmedia":[{"embeddable":true,"href":"https:\/\/www.europesays.com\/fr\/wp-json\/wp\/v2\/media\/332046"}],"wp:attachment":[{"href":"https:\/\/www.europesays.com\/fr\/wp-json\/wp\/v2\/media?parent=332045"}],"wp:term":[{"taxonomy":"category","embeddable":true,"href":"https:\/\/www.europesays.com\/fr\/wp-json\/wp\/v2\/categories?post=332045"},{"taxonomy":"post_tag","embeddable":true,"href":"https:\/\/www.europesays.com\/fr\/wp-json\/wp\/v2\/tags?post=332045"}],"curies":[{"name":"wp","href":"https:\/\/api.w.org\/{rel}","templated":true}]}}