{"id":332047,"date":"2025-08-20T17:10:10","date_gmt":"2025-08-20T17:10:10","guid":{"rendered":"https:\/\/www.europesays.com\/fr\/332047\/"},"modified":"2025-08-20T17:10:10","modified_gmt":"2025-08-20T17:10:10","slug":"video-des-agriculteurs-vident-les-rayons-dun-supermarche-carrefour-pres-de-strasbourg","status":"publish","type":"post","link":"https:\/\/www.europesays.com\/fr\/332047\/","title":{"rendered":"VIDEO. Des agriculteurs vident les rayons d&rsquo;un supermarch\u00e9 Carrefour pr\u00e8s de Strasbourg"},"content":{"rendered":"<p>            Par<br \/>\n        <strong><br \/>\n            <a href=\"https:\/\/actu.fr\/auteur\/ivan-capecchi\" title=\"Consulter tous les articles de Ivan CAPECCHI\" rel=\"nofollow noopener\" target=\"_blank\">Ivan CAPECCHI<\/a><br \/>\n        <\/strong><\/p>\n<p>        Publi\u00e9 le<\/p>\n<p>            20 ao\u00fbt 2025 \u00e0 18h32        <\/p>\n<p>Mercredi 20 ao\u00fbt 2025, des <strong>agriculteurs<\/strong> ont men\u00e9 une <strong>action coup de poing<\/strong> dans un <strong>supermarch\u00e9 Carrefour<\/strong> \u00e0 <strong>Mundolsheim<\/strong>, pr\u00e8s de <strong>Strasbourg (Bas-Rhin)<\/strong>. Ils ont <strong>retir\u00e9 des rayons des produits contenant de l\u2019ac\u00e9tamipride<\/strong>, un <strong>insecticide<\/strong> dont la r\u00e9introduction en France, pr\u00e9vue par la <a href=\"https:\/\/actu.fr\/planete\/pollution\/loi-duplomb-le-conseil-constitutionnel-censure-la-reintroduction-de-l-acetamipride-ce-pesticide-interdit_63012604.html\" rel=\"nofollow noopener\" target=\"_blank\">loi Duplomb<\/a>, a \u00e9t\u00e9 <strong>censur\u00e9e par le Conseil constitutionnel<\/strong>.<\/p>\n<p>Censure de la loi Duplomb : les agriculteurs d\u00e9noncent une \u00ab\u00a0hypocrisie\u00a0\u00bb<\/p>\n<p class=\" wall-content\">Dans un communiqu\u00e9, les syndicats agricoles d\u00e9noncent une \u00ab <strong>hypocrisie<\/strong> \u00bb : la mol\u00e9cule est interdite aux producteurs fran\u00e7ais, <strong>mais toujours pr\u00e9sente dans les produits import\u00e9s et m\u00eame disponible pour un usage domestique<\/strong>.<\/p>\n<p class=\" wall-content\">Cette op\u00e9ration s\u2019inscrit dans une s\u00e9rie d\u2019actions coordonn\u00e9es <a href=\"https:\/\/actu.fr\/grand-est\/strasbourg_67482\/operations-rayons-vides-voici-les-supermarches-du-bas-rhin-vises-par-les-agriculteurs-cette-semaine_63050686.html\" rel=\"nofollow noopener\" target=\"_blank\">dans plusieurs enseignes du Bas-Rhin<\/a>.\u00a0<\/p>\n<p class=\" wall-content\">Personnalisez votre actualit\u00e9 en ajoutant vos villes et m\u00e9dias en favori avec <a href=\"https:\/\/moncompte.actu.fr\" title=\"D\u00e9couvez Mon Actu\" rel=\"nofollow noopener\" data-trk=\"{&quot;cta&quot;:{&quot;action&quot;:&quot;https:\\\/\\\/moncompte.actu.fr&quot;,&quot;category&quot;:&quot;mon compte&quot;,&quot;from&quot;:&quot;article footer&quot;,&quot;name&quot;:&quot;Mon actu&quot;,&quot;type&quot;:&quot;cta&quot;}}\" target=\"_blank\">Mon Actu<\/a>.<\/p>\n","protected":false},"excerpt":{"rendered":"Par Ivan CAPECCHI Publi\u00e9 le 20 ao\u00fbt 2025 \u00e0 18h32 Mercredi 20 ao\u00fbt 2025, des agriculteurs ont men\u00e9&hellip;\n","protected":false},"author":2,"featured_media":332048,"comment_status":"","ping_status":"","sticky":false,"template":"","format":"standard","meta":{"footnotes":""},"categories":[2820],"tags":[1111,11,1777,674,1011,27,775,12,25,104,640],"class_list":{"0":"post-332047","1":"post","2":"type-post","3":"status-publish","4":"format-standard","5":"has-post-thumbnail","7":"category-strasbourg","8":"tag-actu","9":"tag-actualites","10":"tag-eu","11":"tag-europe","12":"tag-fr","13":"tag-france","14":"tag-grand-est","15":"tag-news","16":"tag-republique-francaise","17":"tag-societe","18":"tag-strasbourg"},"share_on_mastodon":{"url":"https:\/\/pubeurope.com\/@fr\/115062205860789705","error":""},"_links":{"self":[{"href":"https:\/\/www.europesays.com\/fr\/wp-json\/wp\/v2\/posts\/332047","targetHints":{"allow":["GET"]}}],"collection":[{"href":"https:\/\/www.europesays.com\/fr\/wp-json\/wp\/v2\/posts"}],"about":[{"href":"https:\/\/www.europesays.com\/fr\/wp-json\/wp\/v2\/types\/post"}],"author":[{"embeddable":true,"href":"https:\/\/www.europesays.com\/fr\/wp-json\/wp\/v2\/users\/2"}],"replies":[{"embeddable":true,"href":"https:\/\/www.europesays.com\/fr\/wp-json\/wp\/v2\/comments?post=332047"}],"version-history":[{"count":0,"href":"https:\/\/www.europesays.com\/fr\/wp-json\/wp\/v2\/posts\/332047\/revisions"}],"wp:featuredmedia":[{"embeddable":true,"href":"https:\/\/www.europesays.com\/fr\/wp-json\/wp\/v2\/media\/332048"}],"wp:attachment":[{"href":"https:\/\/www.europesays.com\/fr\/wp-json\/wp\/v2\/media?parent=332047"}],"wp:term":[{"taxonomy":"category","embeddable":true,"href":"https:\/\/www.europesays.com\/fr\/wp-json\/wp\/v2\/categories?post=332047"},{"taxonomy":"post_tag","embeddable":true,"href":"https:\/\/www.europesays.com\/fr\/wp-json\/wp\/v2\/tags?post=332047"}],"curies":[{"name":"wp","href":"https:\/\/api.w.org\/{rel}","templated":true}]}}