{"id":332049,"date":"2025-08-20T17:11:12","date_gmt":"2025-08-20T17:11:12","guid":{"rendered":"https:\/\/www.europesays.com\/fr\/332049\/"},"modified":"2025-08-20T17:11:12","modified_gmt":"2025-08-20T17:11:12","slug":"prof-de-danse-auxiliaire-de-vie-de-nombreuses-offres-demplois-avec-ou-sans-diplomes-a-nice-et-dans-les-alpes-maritimes-pour-la-rentree","status":"publish","type":"post","link":"https:\/\/www.europesays.com\/fr\/332049\/","title":{"rendered":"Prof de danse, auxiliaire de vie&#8230; De nombreuses offres d\u2019emplois avec ou sans dipl\u00f4mes \u00e0 Nice et dans les Alpes-Maritimes pour la rentr\u00e9e !"},"content":{"rendered":"<p><strong>Des centaines d\u2019annonces sont encore en vigueur sur la C\u00f4te d\u2019Azur pour celles et ceux en qu\u00eate d\u2019un job. Pour certaines, nul besoin d\u2019\u00eatre bard\u00e9 de dipl\u00f4mes pour postuler, l\u2019envie et la motivation suffisent. <\/strong><\/p>\n<p>La fin de l\u2019\u00e9t\u00e9 approche et vous \u00eates \u00e0 la recherche d\u2019un emploi pour la rentr\u00e9e ? <\/p>\n<p>Cela d\u00e9pend \u00e9videmment des secteurs, mais plusieurs centaines d\u2019annonces sont encore valables actuellement \u00e0 Nice et dans ses alentours. Il faut dire que les Alpes-Maritimes est un d\u00e9partement <a href=\"https:\/\/nicepresse.com\/emploi-local-le-chomage-se-stabilise-en-provence-alpes-cote-dazur-comment-sen-tirent-nice-et-son-departement\/\" rel=\"nofollow noopener\" target=\"_blank\">assez dynamique<\/a> \u00e0 ce sujet. Alors ferez-vous partie des chanceux d\u00e9nichant leur <a href=\"https:\/\/nicepresse.com\/jobs-de-reve-nice-detrone-toutes-les-grandes-villes-ses-habitants-seraient-les-plus-heureux-au-travail-selon-ce-sondage-sur-lemploi\/\" rel=\"nofollow noopener\" target=\"_blank\">\u00ab\u00a0travail de r\u00eave\u00a0\u00bb<\/a> pr\u00e8s de la Baie des Anges ?<\/p>\n<p>Cela pourrait \u00eatre le r\u00f4le de \u00ab\u00a0game master\u00a0\u00bb propos\u00e9 du c\u00f4t\u00e9 de Villeneuve-Loubet. Ouvert aux d\u00e9butants, ce poste consiste \u00e0 accueillir et \u00e0 guider les participants dans un \u00ab\u00a0escape game\u00a0\u00bb. \u00c0 l\u2019issue de la partie, il vous faudra ensuite d\u00e9briefer avec les joueurs. \u00c0 noter que les horaires sont accessibles aux \u00e9tudiants (<a href=\"https:\/\/candidat.francetravail.fr\/offres\/recherche\/detail\/196JKZK\" target=\"_blank\" rel=\"noopener nofollow\">d\u00e9tails<\/a>).<\/p>\n<p>\u00c0 Antibes, l\u2019\u00e9cole de spectacle B\u00e9atrice Fonzes cherche son ou sa futur(e) professeur(e) de danse, hip-hop et reggae. Les cours sont \u00e0 destinations des jeunes de 12 \u00e0 18 ans et ont lieu le mercredi. Afin de postuler, vous pouvez appeler le 06.81.90.64.19. Une certaine qualification est r\u00e9clam\u00e9e (<a href=\"https:\/\/candidat.francetravail.fr\/offres\/recherche\/detail\/195WGKX\" target=\"_blank\" rel=\"noopener nofollow\">lien web<\/a>).<\/p>\n<p>Recrutement immersif et sans CV \u00e0 Nice<\/p>\n<p>Voici une m\u00e9thode de recrutement pour le moins hors du commun. \u00c0 Nice, au 9 rue Saint-Jean d\u2019Angely, se tiendra le jeudi 18 septembre prochain un forum pour l\u2019emploi organis\u00e9 par l\u2019ADMR. Cette derni\u00e8re souhaite embaucher des auxiliaires de vie.<\/p>\n<p>Mais ce rendez-vous se fera sans CV, par le biais de mises en situation r\u00e9elles, puis d\u2019une formation. \u00c0 la cl\u00e9, un possible CDI. Pour les personnes int\u00e9ress\u00e9es, soyez sur place \u00e0 9 heures (<a href=\"https:\/\/mesevenementsemploi.francetravail.fr\/mes-evenements-emploi\/evenement\/480070\/auxiliaire-de-vie-recrutement-immersif-sans-cv-avec-l-admr-nice?fbclid=IwY2xjawMMM-pleHRuA2FlbQIxMABicmlkETBGbXFjRnFkaXNLQ0J6eWVMAR4hfPIZxWO9-kUUNSXHx8P0MdVD3GYSKEmQgxZcycfvDv4jLhq07Ls0UStdMg_aem_mTyXugqRFiCH-a0ZBtf0AQ\" target=\"_blank\" rel=\"noopener nofollow\">les informations<\/a>).<\/p>\n<p>Toujours dans le domaine du social et de l\u2019accompagnement, les Foyers de l\u2019Enfance ont aussi besoin de personnel pour leurs \u00e9tablissements maralpins. Ils sont en demande d\u2019\u00e9ducateurs \u00e0 Nice et Cagnes-sur-Mer. Il s\u2019agit dans un premier temps d\u2019un CDD renouvelable au bout de trois mois. Des surveillants de nuit font \u00e9galement d\u00e9faut dans la Baie des Anges (<a href=\"https:\/\/www.facebook.com\/Trouverduboulotdansle06\/posts\/pfbid02o8c7d9MzCqVxAEmi5CyYApXjbHLLFG2d3JizRhaiVjnSfEw7WSmDyoD7J4drTHFsl\" target=\"_blank\" rel=\"noopener nofollow\">les fiches des postes<\/a>). <\/p>\n<p><a href=\"https:\/\/anneedelamer.nice.fr\/\" rel=\"nofollow noopener\" target=\"_blank\"><img loading=\"lazy\" decoding=\"async\" width=\"300\" height=\"300\" src=\"data:image\/svg+xml,%3Csvg%20xmlns=\" http:=\"\" alt=\"\" class=\"wp-image-235449\" data-lazy-src=\"https:\/\/www.europesays.com\/fr\/wp-content\/uploads\/2025\/04\/IMG_1416-2.png\"\/><\/a><\/p>\n<p>Employ\u00e9s polyvalents \u00e0 Action, garagiste \u00e0 Saint-Laurent\u2026<\/p>\n<p>Dans la capitale des Alpes-Maritimes encore, l\u2019enseigne Action s\u2019appr\u00eate \u00e0 ouvrir en septembre un nouveau magasin dans le centre commercial Lingosti\u00e8re. Il veut compl\u00e9ter son \u00e9quipe avec plusieurs employ\u00e9s polyvalents, notamment pour le r\u00e9assortiment des rayons et tenir la caisse. Tous les profils sont accept\u00e9s (<a href=\"https:\/\/candidat.francetravail.fr\/offres\/recherche\/detail\/195SYWC\" target=\"_blank\" rel=\"noopener nofollow\">en savoir plus<\/a>). <\/p>\n<p>Du c\u00f4t\u00e9 de Saint-Laurent-Var, le Garage BG aimerait trouver son futur m\u00e9canicien pour les v\u00e9hicules l\u00e9gers dans le cadre d\u2019un CDI. Il faut cependant pouvoir justifier d\u2019une exp\u00e9rience pr\u00e9c\u00e9dente, d\u2019au moins trois ans (<a href=\"https:\/\/candidat.francetravail.fr\/offres\/recherche\/detail\/195YGPM\" target=\"_blank\" rel=\"noopener nofollow\">l\u2019offre est ici<\/a>).<\/p>\n<p>Les mairies aussi embauchent<\/p>\n<p>Enfin, sachez que les mairies proches de chez vous recrutent, comme <a href=\"https:\/\/l.facebook.com\/l.php?u=https%3A%2F%2Fville.beaulieusurmer.fr%2Fvotre-mairie%2Foffres-emploi%2F%3Ffbclid%3DIwZXh0bgNhZW0CMTAAYnJpZBEwRm1xY0ZxZGlzS0NCenllTAEe3CL0_QoD4oJsgEJw60aU2VD39Dv_sUYRrxSm04TjVy-VG8OJdqDhxGNy2-A_aem_u06bPrp0zLznePpZD91rVQ&amp;h=AT2Swlurxw-8KLTkwUrqiBDernYSJg8IAbWZ4QtHryeblJhKMNSMharT0oRZ4c9Oh7OInFfY-CrrabCiTWd3Gw47CHWXh5PEnZstvl3NVh8JPyGq2QWuIAa-yHnJD6aTg5oJOKDH7KWd6CmGEyGWC2ywautmoK4w&amp;__tn__=-UK-R&amp;c[0]=AT0E80J3soGexpKreTRS6gyHMObQUo3YDpezKZ54yzadkjJVTUfgbFR-0KD8XmGkYcIU-TSWKPRiJu9arsCj2KAeEAdPEOQKx2xueOBJ7RFI9gwTo-vpuQ-5OeuikE-MDLReQQT3jdxNBVlYUgEPlzY7RdX6iT14xbWwyGSXZxiSgTFjVkDtjYmeSYlKKUsz54Ib8Q7ZhkdoHkoPeHWpNzcIUA\" target=\"_blank\" rel=\"noopener nofollow\">Beaulieu-sur-Mer<\/a> \u2013 auxiliaire de pu\u00e9riculture dans une cr\u00e8che, aide \u00e0 domicile \u2013 Gorbio \u2013 <a href=\"https:\/\/l.facebook.com\/l.php?u=https%3A%2F%2Fcandidat.francetravail.fr%2Foffres%2Frecherche%2Fdetail%2F196HNBT%3Ffbclid%3DIwZXh0bgNhZW0CMTAAYnJpZBEwRm1xY0ZxZGlzS0NCenllTAEeKUwz836LZ-NaR3AkUEXhKP4v4vvMddyKxUn3BUuUqCOFG87UqsRbvv2UwKg_aem_FvNVw6Sk13AIejURtWU-vQ&amp;h=AT2sdzctTy3-8yjW9NgU_dV07s2ZmZkMLXZXT3jctD1I6fbxzrBB2FWldyE2QkAjTRqFeymUqpBRwzIjaR3ataRwQh9-zZRaM5QpGM4Vih5Y_p23b2bwyeDadydZ0Oum6dsxKEKlbfavuHw0fgz6yeq4cZu2AWAm&amp;__tn__=-UK-R&amp;c[0]=AT0YisKoXID9EJjCAEb6thrlYksKv0WwS5001_jO6FY0jf_x8bc_0USVFMvn_HBOQD2WqBlGyAnzL0jg0_U_-KNLdrjeKlsjhasJpbiHJr0ydlsVc3MHAao6mKbeh-GpjMd6RwuDJqieTiyKdzSFr_6e7MqaxFEUP8nSA3HrcMpqM4jMSV2H_OSyAiubyPmeDw3VBt4GM3CE3v1kVp1qAltPMA\" target=\"_blank\" rel=\"noopener nofollow\">employ\u00e9 de cantine\/agent d\u2019entretien<\/a> \u2013 et <a href=\"https:\/\/l.facebook.com\/l.php?u=https%3A%2F%2Fwww.emploi-territorial.fr%2Foffre%2Fo006250811000436-animateur-enfance-jeunesse%3Ffbclid%3DIwZXh0bgNhZW0CMTAAYnJpZBEwRm1xY0ZxZGlzS0NCenllTAEeKUwz836LZ-NaR3AkUEXhKP4v4vvMddyKxUn3BUuUqCOFG87UqsRbvv2UwKg_aem_FvNVw6Sk13AIejURtWU-vQ&amp;h=AT1ahWKkJJY5DvDNrRgQLyVkd58kfwoTm574940Y5D9Y1p6xbCCvy_y81z4cIW_jc_NH2RrMsGOmTzx0dUdOtFu8UnnuLIfOh-N9PKeOI0nf7f-pUGBE4moxST_CKb8B77CFz09r39DFkT9SR1djkQnxmiDfZSnH&amp;__tn__=-UK-R&amp;c[0]=AT09g90rgdtbGUd5ypC7_jHIWAeGRFZfusCPtR_BErwDmXXLE4PwqyU6F3Ykt-Ii-jQ3hSJ_ud677eJAYA3oJ6vfsOghQTSR-Ufe_pV2jiOy8fvOtq8WMFRpNtMElobQdpQ6kPHaIN7-D9bXciCxGnhud34mWPOP6pLLuGLUZIKSC-4AaimKhtucFIjFbToLKQC04ZWYfMiGfQaIKI7Mho7pEw\" target=\"_blank\" rel=\"noopener nofollow\">Sainte-Agn\u00e8s<\/a> \u2013 animateur enfance \u2013 pour des contrats longue dur\u00e9e. <\/p>\n","protected":false},"excerpt":{"rendered":"Des centaines d\u2019annonces sont encore en vigueur sur la C\u00f4te d\u2019Azur pour celles et ceux en qu\u00eate d\u2019un&hellip;\n","protected":false},"author":2,"featured_media":332050,"comment_status":"","ping_status":"","sticky":false,"template":"","format":"standard","meta":{"footnotes":""},"categories":[2819],"tags":[1111,11,1777,674,1011,27,12,2401,882,25],"class_list":{"0":"post-332049","1":"post","2":"type-post","3":"status-publish","4":"format-standard","5":"has-post-thumbnail","7":"category-nice","8":"tag-actu","9":"tag-actualites","10":"tag-eu","11":"tag-europe","12":"tag-fr","13":"tag-france","14":"tag-news","15":"tag-nice","16":"tag-provence-alpes-cote-dazur","17":"tag-republique-francaise"},"share_on_mastodon":{"url":"https:\/\/pubeurope.com\/@fr\/115062209513878410","error":""},"_links":{"self":[{"href":"https:\/\/www.europesays.com\/fr\/wp-json\/wp\/v2\/posts\/332049","targetHints":{"allow":["GET"]}}],"collection":[{"href":"https:\/\/www.europesays.com\/fr\/wp-json\/wp\/v2\/posts"}],"about":[{"href":"https:\/\/www.europesays.com\/fr\/wp-json\/wp\/v2\/types\/post"}],"author":[{"embeddable":true,"href":"https:\/\/www.europesays.com\/fr\/wp-json\/wp\/v2\/users\/2"}],"replies":[{"embeddable":true,"href":"https:\/\/www.europesays.com\/fr\/wp-json\/wp\/v2\/comments?post=332049"}],"version-history":[{"count":0,"href":"https:\/\/www.europesays.com\/fr\/wp-json\/wp\/v2\/posts\/332049\/revisions"}],"wp:featuredmedia":[{"embeddable":true,"href":"https:\/\/www.europesays.com\/fr\/wp-json\/wp\/v2\/media\/332050"}],"wp:attachment":[{"href":"https:\/\/www.europesays.com\/fr\/wp-json\/wp\/v2\/media?parent=332049"}],"wp:term":[{"taxonomy":"category","embeddable":true,"href":"https:\/\/www.europesays.com\/fr\/wp-json\/wp\/v2\/categories?post=332049"},{"taxonomy":"post_tag","embeddable":true,"href":"https:\/\/www.europesays.com\/fr\/wp-json\/wp\/v2\/tags?post=332049"}],"curies":[{"name":"wp","href":"https:\/\/api.w.org\/{rel}","templated":true}]}}