{"id":332051,"date":"2025-08-20T17:12:20","date_gmt":"2025-08-20T17:12:20","guid":{"rendered":"https:\/\/www.europesays.com\/fr\/332051\/"},"modified":"2025-08-20T17:12:20","modified_gmt":"2025-08-20T17:12:20","slug":"jonathan-clauss-ogc-nice-la-tentation-dun-depart","status":"publish","type":"post","link":"https:\/\/www.europesays.com\/fr\/332051\/","title":{"rendered":"Jonathan Clauss (OGC Nice), la tentation d&rsquo;un d\u00e9part"},"content":{"rendered":"<p>Il ne faisait pas partie des pr\u00e9tendants \u00e0 un d\u00e9part mais Jonathan Clauss pourrait d\u00e9j\u00e0 prendre une nouvelle direction, un an seulement apr\u00e8s son arriv\u00e9e \u00e0 l&rsquo;OGC Nice.\u00a0<\/p>\n<p>Le d\u00e9fenseur de 32 ans fait l&rsquo;objet d&rsquo;une cour assidue d&rsquo;un club qualifi\u00e9 pour la prochaine Ligue des champions et habitu\u00e9 \u00e0 jouer les premiers r\u00f4les dans son championnat domestique.\u00a0<\/p>\n<p>Sollicit\u00e9 il y a plus d&rsquo;un mois, l&rsquo;OGC Nice n&rsquo;avait pas donn\u00e9 suite. La porte n&rsquo;est pas plus ouverte aujourd&rsquo;hui puisque le Gym n&rsquo;est pas dans la n\u00e9cessit\u00e9 \u00e9conomique de vendre. Le club acheteur, de son c\u00f4t\u00e9, n&rsquo;a jamais abandonn\u00e9 l&rsquo;id\u00e9e de recruter l&rsquo;international fran\u00e7ais, extr\u00eamement int\u00e9ress\u00e9 par le projet qui lui est propos\u00e9.\u00a0<\/p>\n<p>L&rsquo;OGC Nice esp\u00e8re conserver Clauss mais pourrait finir par se plier \u00e0 la volont\u00e9 de son joueur.\u00a0<\/p>\n","protected":false},"excerpt":{"rendered":"Il ne faisait pas partie des pr\u00e9tendants \u00e0 un d\u00e9part mais Jonathan Clauss pourrait d\u00e9j\u00e0 prendre une nouvelle&hellip;\n","protected":false},"author":2,"featured_media":332052,"comment_status":"","ping_status":"","sticky":false,"template":"","format":"standard","meta":{"footnotes":""},"categories":[2819],"tags":[1111,11,1777,674,63,1011,27,12,2401,882,25,60],"class_list":{"0":"post-332051","1":"post","2":"type-post","3":"status-publish","4":"format-standard","5":"has-post-thumbnail","7":"category-nice","8":"tag-actu","9":"tag-actualites","10":"tag-eu","11":"tag-europe","12":"tag-football","13":"tag-fr","14":"tag-france","15":"tag-news","16":"tag-nice","17":"tag-provence-alpes-cote-dazur","18":"tag-republique-francaise","19":"tag-sports"},"share_on_mastodon":{"url":"https:\/\/pubeurope.com\/@fr\/115062213553452246","error":""},"_links":{"self":[{"href":"https:\/\/www.europesays.com\/fr\/wp-json\/wp\/v2\/posts\/332051","targetHints":{"allow":["GET"]}}],"collection":[{"href":"https:\/\/www.europesays.com\/fr\/wp-json\/wp\/v2\/posts"}],"about":[{"href":"https:\/\/www.europesays.com\/fr\/wp-json\/wp\/v2\/types\/post"}],"author":[{"embeddable":true,"href":"https:\/\/www.europesays.com\/fr\/wp-json\/wp\/v2\/users\/2"}],"replies":[{"embeddable":true,"href":"https:\/\/www.europesays.com\/fr\/wp-json\/wp\/v2\/comments?post=332051"}],"version-history":[{"count":0,"href":"https:\/\/www.europesays.com\/fr\/wp-json\/wp\/v2\/posts\/332051\/revisions"}],"wp:featuredmedia":[{"embeddable":true,"href":"https:\/\/www.europesays.com\/fr\/wp-json\/wp\/v2\/media\/332052"}],"wp:attachment":[{"href":"https:\/\/www.europesays.com\/fr\/wp-json\/wp\/v2\/media?parent=332051"}],"wp:term":[{"taxonomy":"category","embeddable":true,"href":"https:\/\/www.europesays.com\/fr\/wp-json\/wp\/v2\/categories?post=332051"},{"taxonomy":"post_tag","embeddable":true,"href":"https:\/\/www.europesays.com\/fr\/wp-json\/wp\/v2\/tags?post=332051"}],"curies":[{"name":"wp","href":"https:\/\/api.w.org\/{rel}","templated":true}]}}