{"id":332055,"date":"2025-08-20T17:14:11","date_gmt":"2025-08-20T17:14:11","guid":{"rendered":"https:\/\/www.europesays.com\/fr\/332055\/"},"modified":"2025-08-20T17:14:11","modified_gmt":"2025-08-20T17:14:11","slug":"avec-son-plan-pleine-terre-nantes-projette-de-debitumer-et-vegetaliser-14-hectares-dici-a-2026","status":"publish","type":"post","link":"https:\/\/www.europesays.com\/fr\/332055\/","title":{"rendered":"Avec son plan Pleine terre, Nantes projette de d\u00e9bitumer et v\u00e9g\u00e9taliser 14 hectares d\u2019ici \u00e0 2026"},"content":{"rendered":"<p>C\u2019est arriv\u00e9 pr\u00e8s de chez vous cette ann\u00e9e. Notre s\u00e9rie de l\u2019\u00e9t\u00e9 revient sur les initiatives, exp\u00e9rimentations ou r\u00e9alisations port\u00e9es par vos collectivit\u00e9s locales. Pr\u00e9sentation de l\u2019ambition de la ville de Nantes qui veut d\u00e9bitumer et v\u00e9g\u00e9taliser 14 hectares de surfaces d\u2019ici \u00e0 2026.<\/p>\n<p>Apr\u00e8s avoir cibl\u00e9 7 hectares (ha), puis 8, ce sont 14\u202fha de surfaces que la ville de Nantes (Loire-\u00adAtlantique) pr\u00e9voit de d\u00e9simperm\u00e9abiliser et de renaturer d\u2019ici \u00e0 la fin du mandat avec son plan Pleine terre. \u00ab\u202fEn\u00a0relevant 135 esp\u00e8ces remarquables en danger, l\u2019Atlas de la biodiversit\u00e9 men\u00e9 \u00e0 l\u2019\u00e9chelle de la ville et de la m\u00e9tropole a servi d\u2019alerte\u202fet a initi\u00e9 la mise en place du plan Pleine terre\u202f\u00bb, introduit Manuella Lefort, charg\u00e9e de mission du\u00a0plan Pleine terre \u00e0 la direction nature et jardins de la ville de Nantes.<\/p>\n<p>Lanc\u00e9 en 2021, le plan Pleine terre s\u2019inscrit dans le plan de renaturation de la ville. Trois axes ont \u00e9t\u00e9 d\u00e9finis de sorte que les \u00e9quipes de la direction nature et jardins puissent s\u00e9lectionner et prioriser les sites \u00e0 v\u00e9g\u00e9taliser. \u00ab\u202fSe concentrer sur les quartiers &#8230;<\/p>\n","protected":false},"excerpt":{"rendered":"C\u2019est arriv\u00e9 pr\u00e8s de chez vous cette ann\u00e9e. Notre s\u00e9rie de l\u2019\u00e9t\u00e9 revient sur les initiatives, exp\u00e9rimentations ou&hellip;\n","protected":false},"author":2,"featured_media":332056,"comment_status":"","ping_status":"","sticky":false,"template":"","format":"standard","meta":{"footnotes":""},"categories":[2818],"tags":[1111,9247,9245,11,9244,13045,1777,674,1011,27,766,12,2636,25,13046,9246],"class_list":{"0":"post-332055","1":"post","2":"type-post","3":"status-publish","4":"format-standard","5":"has-post-thumbnail","7":"category-nantes","8":"tag-actu","9":"tag-actu-experts-technique","10":"tag-actu-technique","11":"tag-actualites","12":"tag-club-technicites","13":"tag-espaces-verts-vegetalisation","14":"tag-eu","15":"tag-europe","16":"tag-fr","17":"tag-france","18":"tag-nantes","19":"tag-news","20":"tag-pays-de-la-loire","21":"tag-republique-francaise","22":"tag-spalisse","23":"tag-toute-lactu-technique"},"share_on_mastodon":{"url":"https:\/\/pubeurope.com\/@fr\/115062221407648071","error":""},"_links":{"self":[{"href":"https:\/\/www.europesays.com\/fr\/wp-json\/wp\/v2\/posts\/332055","targetHints":{"allow":["GET"]}}],"collection":[{"href":"https:\/\/www.europesays.com\/fr\/wp-json\/wp\/v2\/posts"}],"about":[{"href":"https:\/\/www.europesays.com\/fr\/wp-json\/wp\/v2\/types\/post"}],"author":[{"embeddable":true,"href":"https:\/\/www.europesays.com\/fr\/wp-json\/wp\/v2\/users\/2"}],"replies":[{"embeddable":true,"href":"https:\/\/www.europesays.com\/fr\/wp-json\/wp\/v2\/comments?post=332055"}],"version-history":[{"count":0,"href":"https:\/\/www.europesays.com\/fr\/wp-json\/wp\/v2\/posts\/332055\/revisions"}],"wp:featuredmedia":[{"embeddable":true,"href":"https:\/\/www.europesays.com\/fr\/wp-json\/wp\/v2\/media\/332056"}],"wp:attachment":[{"href":"https:\/\/www.europesays.com\/fr\/wp-json\/wp\/v2\/media?parent=332055"}],"wp:term":[{"taxonomy":"category","embeddable":true,"href":"https:\/\/www.europesays.com\/fr\/wp-json\/wp\/v2\/categories?post=332055"},{"taxonomy":"post_tag","embeddable":true,"href":"https:\/\/www.europesays.com\/fr\/wp-json\/wp\/v2\/tags?post=332055"}],"curies":[{"name":"wp","href":"https:\/\/api.w.org\/{rel}","templated":true}]}}