{"id":332059,"date":"2025-08-20T17:16:13","date_gmt":"2025-08-20T17:16:13","guid":{"rendered":"https:\/\/www.europesays.com\/fr\/332059\/"},"modified":"2025-08-20T17:16:13","modified_gmt":"2025-08-20T17:16:13","slug":"avec-la-fin-des-travaux-place-a-la-phase-de-validation","status":"publish","type":"post","link":"https:\/\/www.europesays.com\/fr\/332059\/","title":{"rendered":"avec la fin des travaux, place \u00e0 la phase de validation"},"content":{"rendered":"<p>            Par<br \/>\n        <strong><br \/>\n            <a href=\"https:\/\/actu.fr\/auteur\/charlotte-lesprit\" title=\"Consulter tous les articles de Charlotte Lesprit\" target=\"_blank\" rel=\"noopener\">Charlotte Lesprit<\/a><br \/>\n        <\/strong><\/p>\n<p>        Publi\u00e9 le<\/p>\n<p>            20 ao\u00fbt 2025 \u00e0 17h16        <\/p>\n<p>Non loin du <a href=\"https:\/\/actu.fr\/nouvelle-aquitaine\/bordeaux_33063\/les-travaux-du-pont-de-pierre-ont-demarre-a-bordeaux-quels-impacts-sur-la-circulation_62599359.html\" target=\"_blank\" rel=\"noopener\">chantier du pont de pierre<\/a>, celui du <a href=\"https:\/\/actu.fr\/nouvelle-aquitaine\/bordeaux_33063\/chantier-titanesque-sur-le-reseau-tbm-a-bordeaux-ce-que-les-usagers-du-tram-doivent-savoir_62473216.html\" target=\"_blank\" rel=\"noopener\">tramway porte de Bourgogne<\/a>, tout aussi colossal, touche \u00e0 sa fin\u00a0<strong>apr\u00e8s deux mois et demi de travaux<\/strong>. Depuis lundi 18\u00a0ao\u00fbt, on peut m\u00eame voir circuler quelques trams sur les rames\u2026 En revanche, il est normal que les panneaux lumineux n\u2019affichent pas encore d\u2019informations. Avant la remise en service des lignes A, C et D en septembre, la <strong>fiabilit\u00e9 des nouvelles infrastructures<\/strong> doit \u00eatre assur\u00e9e, d\u2019o\u00f9 ces phases de tests sans voyageurs.<\/p>\n<p>Trois phases de tests sans passagers<\/p>\n<p class=\" wall-content\">\u00ab\u2009Le chantier des aiguillages entre dans sa phase d\u00e9cisive\u2009\u00bb, \u00e9crit Transports Bordeaux M\u00e9tropole dans un communiqu\u00e9. En effet, jusqu\u2019au vendredi 22\u00a0ao\u00fbt, les \u00e9quipes de l\u2019op\u00e9rateur\u00a0<a href=\"https:\/\/actu.fr\/tag\/keolis\" target=\"_blank\" rel=\"noopener\">Keolis<\/a> r\u00e9alisent des essais de <strong>signalisation ferroviaire <\/strong>avec des rames qui circulent sur les voies entre 9 et 18\u00a0heures. Feux, panneaux, dispositifs qui contr\u00f4lent et s\u00e9curisent le passage des trams\u2026 Tout doit \u00eatre op\u00e9rationnel d\u2019ici septembre.<\/p>\n<p class=\" wall-content\">Durant ces travaux, et pour r\u00e9soudre les probl\u00e8mes d\u2019alimentation par le sol, Keolis a remplac\u00e9 1500 bo\u00eetiers APS.<\/p>\n<p>    <a href=\"https:\/\/www.facebook.com\/plugins\/video.php?height=314&amp;href=https%3A%2F%2Fwww.facebook.com%2Fbordeauxmetropole%2Fvideos%2F607644452225753%2F&amp;show_text=true&amp;width=350&amp;t=0\" title=\"Ouvrie le lien\" target=\"_blank\" rel=\"noopener\">Cliquez ici pour visualiser le contenu<\/a><\/p>\n<p class=\" wall-content\">D\u00e9marrera ensuite une <strong>deuxi\u00e8me phase de tests<\/strong> <strong>du 23 au 31\u00a0ao\u00fbt<\/strong>\u2009: entre v\u00e9rifications des syst\u00e8mes et circulation de rames entre Villenave-d\u2019Ornon et Quinconces.<\/p>\n<p class=\" wall-content\">Enfin, du lundi\u00a025 au jeudi 28\u00a0ao\u00fbt, TBM indique qu\u2019il s\u2019agira de la phase des <strong>\u00ab\u2009essais de performance\u2009\u00bb <\/strong>et de la \u00ab\u2009mont\u00e9e en puissance \u00e0 partir du 26\u00a0ao\u00fbt au soir, avec 92 \u00e0 102 passages par heure entre 21\u2009h\u200930 et 3\u00a0heures\u2009\u00bb. L\u2019objectif \u00e9tant que le tramway passe \u00e0 une exploitation normale et \u00e0 une capacit\u00e9 maximale d\u2019ici le 1er\u00a0septembre, date officielle annonc\u00e9e pour la r\u00e9ouverture des lignes.<\/p>\n<p>Votre r\u00e9gion, votre actu !<\/p>\n<p>Recevez chaque jour les infos qui comptent pour vous.<\/p>\n<p>\t<a href=\"https:\/\/actu.fr\/newsletter\" class=\"ac-btn ac-btn--corner ac-btn--medium ac-btn--blue800\" target=\"_blank\" rel=\"noopener\">S&rsquo;incrire<\/a><br \/>\nDeux nouvelles lignes en d\u00e9cembre<\/p>\n<p class=\" wall-content\"><a href=\"https:\/\/actu.fr\/nouvelle-aquitaine\/bordeaux_33063\/tbm-deux-nouvelles-lignes-de-tramway-bientot-mises-en-service-a-bordeaux_62120782.html\" target=\"_blank\" rel=\"noopener\">L\u2019arriv\u00e9e des lignes E et F<\/a> est quant \u00e0 elle pr\u00e9vue le 6 d\u00e9cembre 2025. La ligne E offrira aux voyageurs de la rive droite un acc\u00e8s direct au p\u00f4le d\u2019\u00e9changes Quinconces, gr\u00e2ce au tronc commun avec la ligne A, sans qu\u2019ils aient besoin de changer de tram. La ligne F, elle, assurera une connexion directe entre l\u2019a\u00e9roport et la gare Saint-Jean en 45 minutes.<\/p>\n<p class=\" wall-content\">Personnalisez votre actualit\u00e9 en ajoutant vos villes et m\u00e9dias en favori avec <a href=\"https:\/\/moncompte.actu.fr\" title=\"D\u00e9couvez Mon Actu\" rel=\"nofollow noopener\" data-trk=\"{&quot;cta&quot;:{&quot;action&quot;:&quot;https:\\\/\\\/moncompte.actu.fr&quot;,&quot;category&quot;:&quot;mon compte&quot;,&quot;from&quot;:&quot;article footer&quot;,&quot;name&quot;:&quot;Mon actu&quot;,&quot;type&quot;:&quot;cta&quot;}}\" target=\"_blank\">Mon Actu<\/a>.<\/p>\n","protected":false},"excerpt":{"rendered":"Par Charlotte Lesprit Publi\u00e9 le 20 ao\u00fbt 2025 \u00e0 17h16 Non loin du chantier du pont de pierre,&hellip;\n","protected":false},"author":2,"featured_media":284396,"comment_status":"","ping_status":"","sticky":false,"template":"","format":"standard","meta":{"footnotes":""},"categories":[2817],"tags":[1111,11,1997,2904,1777,674,1011,27,12,2219,25,104,7952,2803],"class_list":{"0":"post-332059","1":"post","2":"type-post","3":"status-publish","4":"format-standard","5":"has-post-thumbnail","7":"category-bordeaux","8":"tag-actu","9":"tag-actualites","10":"tag-bordeaux","11":"tag-bordeaux-metropole","12":"tag-eu","13":"tag-europe","14":"tag-fr","15":"tag-france","16":"tag-news","17":"tag-nouvelle-aquitaine","18":"tag-republique-francaise","19":"tag-societe","20":"tag-tbm","21":"tag-transport"},"share_on_mastodon":{"url":"https:\/\/pubeurope.com\/@fr\/115062229164215158","error":""},"_links":{"self":[{"href":"https:\/\/www.europesays.com\/fr\/wp-json\/wp\/v2\/posts\/332059","targetHints":{"allow":["GET"]}}],"collection":[{"href":"https:\/\/www.europesays.com\/fr\/wp-json\/wp\/v2\/posts"}],"about":[{"href":"https:\/\/www.europesays.com\/fr\/wp-json\/wp\/v2\/types\/post"}],"author":[{"embeddable":true,"href":"https:\/\/www.europesays.com\/fr\/wp-json\/wp\/v2\/users\/2"}],"replies":[{"embeddable":true,"href":"https:\/\/www.europesays.com\/fr\/wp-json\/wp\/v2\/comments?post=332059"}],"version-history":[{"count":0,"href":"https:\/\/www.europesays.com\/fr\/wp-json\/wp\/v2\/posts\/332059\/revisions"}],"wp:featuredmedia":[{"embeddable":true,"href":"https:\/\/www.europesays.com\/fr\/wp-json\/wp\/v2\/media\/284396"}],"wp:attachment":[{"href":"https:\/\/www.europesays.com\/fr\/wp-json\/wp\/v2\/media?parent=332059"}],"wp:term":[{"taxonomy":"category","embeddable":true,"href":"https:\/\/www.europesays.com\/fr\/wp-json\/wp\/v2\/categories?post=332059"},{"taxonomy":"post_tag","embeddable":true,"href":"https:\/\/www.europesays.com\/fr\/wp-json\/wp\/v2\/tags?post=332059"}],"curies":[{"name":"wp","href":"https:\/\/api.w.org\/{rel}","templated":true}]}}