{"id":332060,"date":"2025-08-20T17:17:10","date_gmt":"2025-08-20T17:17:10","guid":{"rendered":"https:\/\/www.europesays.com\/fr\/332060\/"},"modified":"2025-08-20T17:17:10","modified_gmt":"2025-08-20T17:17:10","slug":"le-carillon-de-la-basilique-saint-sernin-a-toulouse-sonne-t-il-carrement-faux","status":"publish","type":"post","link":"https:\/\/www.europesays.com\/fr\/332060\/","title":{"rendered":"Le carillon de la basilique Saint-Sernin \u00e0 Toulouse sonne-t-il carr\u00e9ment faux\u00a0?"},"content":{"rendered":"<p>\n                                                                    l&rsquo;essentiel<br \/>\n                                                                \u00c0 la basilique Saint-Sernin de Toulouse, le carillon casse les oreilles de certains m\u00e9lomanes. Mais pour son carillonneur en chef, ces dissonances r\u00e9v\u00e8lent la richesse d\u2019un instrument brut et vivant.\n                            <\/p>\n<p data-end=\"616\" data-start=\"213\">Il frappe. Avec ses poings. Sous le beffroi de la basilique Saint-Sernin, Ma\u00ebl Proudom, carillonneur titulaire du monument, actionne le clavier en bois, note apr\u00e8s note, dans un geste presque martial. L\u00e0-haut, \u00ab\u00a0Ne me quitte pas\u00a0\u00bb s\u2019\u00e9l\u00e8ve au-dessus de Toulouse, son motif fragile bris\u00e9 par d\u2019\u00e9tranges tensions. L\u2019air est reconnaissable, mais quelque chose cloche. Pour certains, cela sonne carr\u00e9ment faux.<\/p>\n<p data-end=\"616\" data-start=\"213\">Et pourtant, ce n\u2019est pas une erreur. Ce que beaucoup per\u00e7oivent comme une dissonance est en r\u00e9alit\u00e9 inh\u00e9rent \u00e0 l\u2019instrument. Les cloches du carillon ne sont pas accord\u00e9es selon les standards de la musique moderne.<\/p>\n<p data-end=\"1294\" data-start=\"834\">Le musicien toulousain veille autant \u00e0 faire entendre l\u2019instrument qu\u2019\u00e0 en transmettre la complexit\u00e9. Car pour lui, le carillon n\u2019ob\u00e9it pas aux r\u00e8gles de l\u2019harmonie contemporaine. Contrairement aux instruments temp\u00e9r\u00e9s, ses cloches produisent des sons naturels, riches en harmoniques, mais souvent instables. Il ne s\u2019agit donc pas d\u2019un d\u00e9faut, mais d\u2019une autre logique sonore.\u00a0\u00c0 cela s\u2019ajoute un probl\u00e8me d\u2019\u00e9poque\u00a0: selon Ma\u00ebl Proudom, le carillon de Saint-Sernin \u00ab\u00a0sonne comme au XIXe\u00a0si\u00e8cle\u00a0\u00bb, p\u00e9riode \u00e0 laquelle la plupart des cloches r\u00e9gionales ont \u00e9t\u00e9 fondues. Ce n\u2019est pas un cas isol\u00e9\u00a0: il affirme que la majorit\u00e9 des carillons du sud de la France pr\u00e9sentent le m\u00eame type de d\u00e9s\u00e9quilibre sonore. Les fondeurs de l\u2019\u00e9poque ne recherchaient pas une harmonie parfaite, mais un \u00e9quilibre approximatif. Le r\u00e9sultat\u00a0: un patrimoine riche, mais parfois difficile \u00e0 \u00e9couter avec une oreille moderne.<\/p>\n<p data-end=\"1997\" data-start=\"1830\">Le carillon est fixe, install\u00e9 dans le beffroi de la basilique. Cette vaste\u00a0charpente de bois, est essentielle \u00e0 la stabilit\u00e9 du clocher. \u00ab\u00a0Il est con\u00e7u pour absorber les mouvements des cloches. Elles tournent sur elles-m\u00eames, ce qui g\u00e9n\u00e8re des forces importantes. Pour \u00e9viter que ces forces ne fragilisent la ma\u00e7onnerie, on installe un beffroi capable de les absorber.\u00a0\u00bb\u00a0Le carillon se d\u00e9ploie sur plusieurs niveaux. En bas, d\u2019anciennes cloches rel\u00e9gu\u00e9es\u00a0: \u00ab\u00a0Elles ne sont pas compatibles avec le carillon, donc elles sont simplement entrepos\u00e9es ici.\u00a0\u00bb<br data-end=\"2551\" data-start=\"2548\"\/><br \/>\nLe clavier, situ\u00e9 plus haut, se joue \u00e0 pleins poings, sans nuances. Encore deux \u00e9tages au-dessus, les cloches r\u00e9pondent, dans toute leur rugosit\u00e9.<\/p>\n<p data-end=\"2828\" data-start=\"2699\">Pas de compromis acoustique ici\u00a0: l\u2019artiste du bronze et du bois accepte le son tel qu\u2019il vient, brut, imparfait, souvent heurt\u00e9.<\/p>\n<p data-end=\"3112\" data-start=\"2830\">Pianiste, accord\u00e9oniste, form\u00e9 \u00e0 l\u2019orgue puis au carillon, Ma\u00ebl Proudom enseigne aujourd\u2019hui la musique au coll\u00e8ge, et transmet sa passion \u00e0 travers l\u2019association Carillons et Cloches en 31. Il organise depuis 2019 le F\u2019Estival Carillons en 31, m\u00ealant concerts, ateliers et visites.<\/p>\n<p data-end=\"3373\" data-start=\"3114\">Mais un nouveau chantier se profile\u00a0: un carillon \u00ab\u00a0juste\u00a0\u00bb, o\u00f9 toutes les cloches seraient fondues par le m\u00eame artisan, travaill\u00e9es une \u00e0 une pour former un ensemble parfaitement accord\u00e9. Le projet est encore embryonnaire. Il sera long, complexe, et tr\u00e8s cher. En attendant, Saint-Sernin continue de faire entendre ses notes vacillantes. Un chant parfois rugueux \u2014 mais profond\u00e9ment vivant.<\/p>\n","protected":false},"excerpt":{"rendered":"l&rsquo;essentiel \u00c0 la basilique Saint-Sernin de Toulouse, le carillon casse les oreilles de certains m\u00e9lomanes. Mais pour son&hellip;\n","protected":false},"author":2,"featured_media":332061,"comment_status":"","ping_status":"","sticky":false,"template":"","format":"standard","meta":{"footnotes":""},"categories":[2816],"tags":[1111,11,1777,674,1011,27,12,2680,25,2312],"class_list":{"0":"post-332060","1":"post","2":"type-post","3":"status-publish","4":"format-standard","5":"has-post-thumbnail","7":"category-toulouse","8":"tag-actu","9":"tag-actualites","10":"tag-eu","11":"tag-europe","12":"tag-fr","13":"tag-france","14":"tag-news","15":"tag-occitanie","16":"tag-republique-francaise","17":"tag-toulouse"},"share_on_mastodon":{"url":"https:\/\/pubeurope.com\/@fr\/115062233125310431","error":""},"_links":{"self":[{"href":"https:\/\/www.europesays.com\/fr\/wp-json\/wp\/v2\/posts\/332060","targetHints":{"allow":["GET"]}}],"collection":[{"href":"https:\/\/www.europesays.com\/fr\/wp-json\/wp\/v2\/posts"}],"about":[{"href":"https:\/\/www.europesays.com\/fr\/wp-json\/wp\/v2\/types\/post"}],"author":[{"embeddable":true,"href":"https:\/\/www.europesays.com\/fr\/wp-json\/wp\/v2\/users\/2"}],"replies":[{"embeddable":true,"href":"https:\/\/www.europesays.com\/fr\/wp-json\/wp\/v2\/comments?post=332060"}],"version-history":[{"count":0,"href":"https:\/\/www.europesays.com\/fr\/wp-json\/wp\/v2\/posts\/332060\/revisions"}],"wp:featuredmedia":[{"embeddable":true,"href":"https:\/\/www.europesays.com\/fr\/wp-json\/wp\/v2\/media\/332061"}],"wp:attachment":[{"href":"https:\/\/www.europesays.com\/fr\/wp-json\/wp\/v2\/media?parent=332060"}],"wp:term":[{"taxonomy":"category","embeddable":true,"href":"https:\/\/www.europesays.com\/fr\/wp-json\/wp\/v2\/categories?post=332060"},{"taxonomy":"post_tag","embeddable":true,"href":"https:\/\/www.europesays.com\/fr\/wp-json\/wp\/v2\/tags?post=332060"}],"curies":[{"name":"wp","href":"https:\/\/api.w.org\/{rel}","templated":true}]}}