{"id":332062,"date":"2025-08-20T17:18:10","date_gmt":"2025-08-20T17:18:10","guid":{"rendered":"https:\/\/www.europesays.com\/fr\/332062\/"},"modified":"2025-08-20T17:18:10","modified_gmt":"2025-08-20T17:18:10","slug":"spacers-toulouse-neuf-semaines-pour-saguerrir","status":"publish","type":"post","link":"https:\/\/www.europesays.com\/fr\/332062\/","title":{"rendered":"Spacer\u2019s Toulouse\u00a0: neuf semaines pour s\u2019aguerrir\u00a0!"},"content":{"rendered":"<p>\n                                                                    l&rsquo;essentiel<br \/>\n                                                                Les volleyeurs toulousains ont repris le chemin de l\u2019entra\u00eenement ce lundi. \u00c0 63 jours du d\u00e9but de la saison, le 21\u00a0octobre prochain \u00e0 Narbonne, les Spacer\u2019s doivent reb\u00e2tir un collectif avec leurs recrues.\n                            <\/p>\n<p>\u00ab\u00a0Avec Pierre \u00e7a ne plaisante pas et on les avait pr\u00e9venus que ce serait mieux pour eux qu\u2019ils n\u2019arrivent pas en surpoids\u00a0\u00bb, a souri Patrick Duflos juste avant d\u2019\u00e9voquer la rentr\u00e9e des classes de ses Spacer\u2019s, ce lundi. Le fameux Pierre\u00a0? Rizo, le pr\u00e9parateur physique. La locomotive \u2013 version TGV- des ateliers musculation et gainage, l\u2019unique occupation des Toulousains durant cette premi\u00e8re semaine de pr\u00e9paration. Ne manquaient \u00e0 l\u2019appel que les deux centraux- Jules Duthoit, qui va bient\u00f4t d\u00e9buter le championnat du monde U21 avec les Bleuets, et le Mexicain Alex Tellez, lui aussi concern\u00e9 par sa s\u00e9lection nationale. Les deux sont attendus vers le 10\u00a0septembre.<\/p>\n<p class=\"std-elt__inline\">\n        <strong>\u00c0 lire aussi :<\/strong><br \/>\n        <a href=\"https:\/\/www.ladepeche.fr\/2025\/05\/28\/spacers-fin-de-cycle-et-nouvelles-tetes-12725335.php\" rel=\"nofollow noopener\" target=\"_blank\">Spacer\u2019s : fin de cycle et nouvelles t\u00eates<\/a>\n    <\/p>\n<p>D\u2019ici l\u00e0, les autres vont apprendre \u00e0 se conna\u00eetre puisque de l\u2019aveu m\u00eame de leur entra\u00eeneur \u00ab\u00a0il va falloir reconstruire une \u00e9quipe\u00a0\u00bb. Avec le m\u00eame mode op\u00e9ratoire que depuis son arriv\u00e9e il y a deux ans\u00a0: \u00ab\u00a0Des jeunes prometteurs qui ont faim\u00a0\u00bb. Sept nouveaux joueurs ont ainsi rejoint l\u2019\u00e9ternel libero Facundo Santucci (37 ans) et le passeur Thomas Gill, les deux seuls titulaires du six de d\u00e9part type de la saison derni\u00e8re. \u00ab\u00a0On ne s\u2019est pas mal d\u00e9brouill\u00e9 avec les moyens qui sont les n\u00f4tres\u00a0\u00bb, estime Duflos qui a not\u00e9 \u00ab\u00a0de bons signaux\u00a0\u00bb m\u00eame \u00ab\u00a0si \u00e7a ne fait que trois jours que l\u2019on vit ensemble\u00a0\u00bb.<\/p>\n<p>\u00ab\u00a0Un collectif int\u00e9ressant\u00a0\u00bb<\/p>\n<p>Une m\u00eame aspiration semble relier entre eux les nouveaux arrivants\u00a0: revanchard comme Derouillon de retour au pays, ambitieux comme le central Augustin Gu\u00e9rin d\u00e9sireux de d\u00e9couvrir la Ligue A, avide de poursuivre sa mont\u00e9e en puissance comme le r\u00e9ceptionneur-attaquant Tibo Rippert ou bien d\u00e9cid\u00e9 \u00e0 s\u2019installer \u00e0 son nouveau poste de pointu comme Timo Beriot.<br \/>Champion du monde U19 cet \u00e9t\u00e9, le jeune passeur Th\u00e9o Martzluff a tout de la bonne pioche ce qui pourrait \u00e9galement bien \u00eatre le cas du r\u00e9ceptionneur-attaquant br\u00e9silien Wilson. Une dizaine de matchs amicaux permettra aux uns et aux autres de progressivement prendre leurs marques \u00e0 partir de mi-septembre.<br \/>\u00ab\u00a0Sur le papier on a un collectif int\u00e9ressant avec plusieurs options tactiques, le but c\u2019est de concerner le plus de monde possible\u00a0\u00bb, se projette Duflos. Quart de finaliste les deux derni\u00e8res saisons, les Spacer\u2019s esp\u00e8rent la passe de trois. Verdict dans sept mois environ.<\/p>\n","protected":false},"excerpt":{"rendered":"l&rsquo;essentiel Les volleyeurs toulousains ont repris le chemin de l\u2019entra\u00eenement ce lundi. \u00c0 63 jours du d\u00e9but de&hellip;\n","protected":false},"author":2,"featured_media":332063,"comment_status":"","ping_status":"","sticky":false,"template":"","format":"standard","meta":{"footnotes":""},"categories":[2816],"tags":[1111,11,1777,674,1011,27,12,2680,25,2312],"class_list":{"0":"post-332062","1":"post","2":"type-post","3":"status-publish","4":"format-standard","5":"has-post-thumbnail","7":"category-toulouse","8":"tag-actu","9":"tag-actualites","10":"tag-eu","11":"tag-europe","12":"tag-fr","13":"tag-france","14":"tag-news","15":"tag-occitanie","16":"tag-republique-francaise","17":"tag-toulouse"},"share_on_mastodon":{"url":"https:\/\/pubeurope.com\/@fr\/115062237158427434","error":""},"_links":{"self":[{"href":"https:\/\/www.europesays.com\/fr\/wp-json\/wp\/v2\/posts\/332062","targetHints":{"allow":["GET"]}}],"collection":[{"href":"https:\/\/www.europesays.com\/fr\/wp-json\/wp\/v2\/posts"}],"about":[{"href":"https:\/\/www.europesays.com\/fr\/wp-json\/wp\/v2\/types\/post"}],"author":[{"embeddable":true,"href":"https:\/\/www.europesays.com\/fr\/wp-json\/wp\/v2\/users\/2"}],"replies":[{"embeddable":true,"href":"https:\/\/www.europesays.com\/fr\/wp-json\/wp\/v2\/comments?post=332062"}],"version-history":[{"count":0,"href":"https:\/\/www.europesays.com\/fr\/wp-json\/wp\/v2\/posts\/332062\/revisions"}],"wp:featuredmedia":[{"embeddable":true,"href":"https:\/\/www.europesays.com\/fr\/wp-json\/wp\/v2\/media\/332063"}],"wp:attachment":[{"href":"https:\/\/www.europesays.com\/fr\/wp-json\/wp\/v2\/media?parent=332062"}],"wp:term":[{"taxonomy":"category","embeddable":true,"href":"https:\/\/www.europesays.com\/fr\/wp-json\/wp\/v2\/categories?post=332062"},{"taxonomy":"post_tag","embeddable":true,"href":"https:\/\/www.europesays.com\/fr\/wp-json\/wp\/v2\/tags?post=332062"}],"curies":[{"name":"wp","href":"https:\/\/api.w.org\/{rel}","templated":true}]}}