{"id":332064,"date":"2025-08-20T17:19:17","date_gmt":"2025-08-20T17:19:17","guid":{"rendered":"https:\/\/www.europesays.com\/fr\/332064\/"},"modified":"2025-08-20T17:19:17","modified_gmt":"2025-08-20T17:19:17","slug":"les-cafards-ont-envahi-le-centre-hospitalier-universitaire","status":"publish","type":"post","link":"https:\/\/www.europesays.com\/fr\/332064\/","title":{"rendered":"Les cafards ont envahi le centre hospitalier universitaire"},"content":{"rendered":"<p>L\u2019alerte a \u00e9t\u00e9 lanc\u00e9e, mi-ao\u00fbt, par le syndicat <a href=\"https:\/\/www.20minutes.fr\/dossier\/cgt\" class=\"c-link c-link--is-underlined\" target=\"_blank\" rel=\"noopener\">CGT <\/a>du Centre hospitalier universitaire de <a href=\"https:\/\/www.20minutes.fr\/lille\/\" class=\"c-link c-link--is-underlined\" target=\"_blank\" rel=\"noopener\">Lille<\/a>. Selon des signalements effectu\u00e9s aupr\u00e8s des d\u00e9l\u00e9gu\u00e9s par des personnels, la pr\u00e9sence de nombreux cafards a \u00e9t\u00e9 d\u00e9tect\u00e9e dans plusieurs services, notamment \u00e0 l\u2019h\u00f4pital Calmette et aux soins intensifs de cardiologie. <a href=\"https:\/\/france3-regions.franceinfo.fr\/hauts-de-france\/nord-0\/lille\/proliferation-de-cafards-dans-un-grand-hopital-du-nord-de-la-france-la-direction-assure-que-les-nuisibles-ont-ete-eradiques-3204146.html\" rel=\"nofollow noopener\" target=\"_blank\" class=\"c-link c-link--is-underlined\">A France 3<\/a>, la direction de l\u2019\u00e9tablissement promet toutefois que les insectes seront bient\u00f4t \u00e9radiqu\u00e9s.<\/p>\n<p>Dans un <a href=\"https:\/\/www.facebook.com\/permalink.php?story_fbid=pfbid02e83BWnnzzf12eDf1oERy5GqiSNeP2iZctsroeeB6nvBrw53P7PfNQ2oMTbt4JUWhl&amp;id=100063604482458\" rel=\"nofollow noopener\" target=\"_blank\" class=\"c-link c-link--is-underlined\">communiqu\u00e9 dat\u00e9 du 12\u00a0ao\u00fbt<\/a>, la CGT assure qu\u2019au moins six services sont impact\u00e9s, dont certains plus sensibles que d\u2019autres, notamment les soins intensifs de cardiologie et le service post-urgences. Toujours selon le syndicat, plusieurs agents ont rapport\u00e9 avoir aussi retrouv\u00e9 des cafards dans leurs v\u00e9hicules et \u00e0 leurs domiciles \u00ab\u00a0sans qu\u2019ils n\u2019en aient jamais vu auparavant\u00a0\u00bb.<\/p>\n<p>Des \u00ab\u00a0blattes germaniques\u00a0\u00bb<\/p>\n<p>Dans plusieurs mails envoy\u00e9s \u00e0 la direction pour l\u2019informer de l\u2019infestation, la CGT a expliqu\u00e9 avoir identifi\u00e9 diff\u00e9rents types de cafards captur\u00e9s par des personnels, dont possiblement des \u00ab\u00a0blattes germaniques\u00a0\u00bb, et d\u00e9plore \u00ab\u00a0les risques pour l\u2019hygi\u00e8ne et la sant\u00e9 humaine et l\u2019environnement\u00a0\u00bb.<\/p>\n<\/p>\n<p>De son c\u00f4t\u00e9, la direction du CHU a reconnu la pr\u00e9sence de cafards et assur\u00e9 avoir engag\u00e9, d\u00e8s le mois de juillet, des moyens pour \u00e9radiquer la pr\u00e9sence des insectes. A France 3, le CHU promet que \u00ab\u00a0la situation est quasiment revenue \u00e0 la normale \u00e0 ce jour\u00a0\u00bb gr\u00e2ce aux traitements. Dans un nouveau communiqu\u00e9, dat\u00e9 de mardi, la CGT d\u00e9plore les accusations selon lesquelles les patients et les employ\u00e9s ram\u00e8neraient les cafards depuis chez eux. Et le syndicat demande, au contraire, une participation de l\u2019employeur aux frais engag\u00e9s par les agents pour se d\u00e9barrasser des insectes import\u00e9s depuis le CHU.<\/p>\n","protected":false},"excerpt":{"rendered":"L\u2019alerte a \u00e9t\u00e9 lanc\u00e9e, mi-ao\u00fbt, par le syndicat CGT du Centre hospitalier universitaire de Lille. Selon des signalements&hellip;\n","protected":false},"author":2,"featured_media":332065,"comment_status":"","ping_status":"","sticky":false,"template":"","format":"standard","meta":{"footnotes":""},"categories":[2815],"tags":[1111,11,1271,1777,674,1011,27,811,100,16705,1307,12,1308,1309,1306,25],"class_list":{"0":"post-332064","1":"post","2":"type-post","3":"status-publish","4":"format-standard","5":"has-post-thumbnail","7":"category-lille","8":"tag-actu","9":"tag-actualites","10":"tag-cgt","11":"tag-eu","12":"tag-europe","13":"tag-fr","14":"tag-france","15":"tag-hauts-de-france","16":"tag-hopital","17":"tag-insecte","18":"tag-lille","19":"tag-news","20":"tag-nord","21":"tag-nord-pas-de-calais","22":"tag-regions","23":"tag-republique-francaise"},"share_on_mastodon":{"url":"https:\/\/pubeurope.com\/@fr\/115062241151408128","error":""},"_links":{"self":[{"href":"https:\/\/www.europesays.com\/fr\/wp-json\/wp\/v2\/posts\/332064","targetHints":{"allow":["GET"]}}],"collection":[{"href":"https:\/\/www.europesays.com\/fr\/wp-json\/wp\/v2\/posts"}],"about":[{"href":"https:\/\/www.europesays.com\/fr\/wp-json\/wp\/v2\/types\/post"}],"author":[{"embeddable":true,"href":"https:\/\/www.europesays.com\/fr\/wp-json\/wp\/v2\/users\/2"}],"replies":[{"embeddable":true,"href":"https:\/\/www.europesays.com\/fr\/wp-json\/wp\/v2\/comments?post=332064"}],"version-history":[{"count":0,"href":"https:\/\/www.europesays.com\/fr\/wp-json\/wp\/v2\/posts\/332064\/revisions"}],"wp:featuredmedia":[{"embeddable":true,"href":"https:\/\/www.europesays.com\/fr\/wp-json\/wp\/v2\/media\/332065"}],"wp:attachment":[{"href":"https:\/\/www.europesays.com\/fr\/wp-json\/wp\/v2\/media?parent=332064"}],"wp:term":[{"taxonomy":"category","embeddable":true,"href":"https:\/\/www.europesays.com\/fr\/wp-json\/wp\/v2\/categories?post=332064"},{"taxonomy":"post_tag","embeddable":true,"href":"https:\/\/www.europesays.com\/fr\/wp-json\/wp\/v2\/tags?post=332064"}],"curies":[{"name":"wp","href":"https:\/\/api.w.org\/{rel}","templated":true}]}}