{"id":332066,"date":"2025-08-20T17:20:18","date_gmt":"2025-08-20T17:20:18","guid":{"rendered":"https:\/\/www.europesays.com\/fr\/332066\/"},"modified":"2025-08-20T17:20:18","modified_gmt":"2025-08-20T17:20:18","slug":"les-cafards-ont-envahi-le-centre-hospitalier-universitaire-2","status":"publish","type":"post","link":"https:\/\/www.europesays.com\/fr\/332066\/","title":{"rendered":"Les cafards ont envahi le centre hospitalier universitaire"},"content":{"rendered":"<p><strong>cafard na\u00fcm &#8211; H\u00f4pital Calmette, soins intensifs de cardio, Institut c\u0153ur poumon, blanchisserie\u2026 La CGT du centre hospitalier de Lille a d\u00e9nonc\u00e9 une infestation de cafards dans de nombreux services<\/strong><\/p>\n<p>L\u2019alerte a \u00e9t\u00e9 lanc\u00e9e, mi-ao\u00fbt, par le syndicat <a href=\"https:\/\/www.20minutes.fr\/dossier\/cgt?at_medium=RSS%20feed&amp;at_campaign=ynews&amp;utm_source=yahoo&amp;utm_medium=rss&amp;utm_campaign=news_feed&amp;utm_content=in_article_link\" rel=\"nofollow noopener\" target=\"_blank\" data-ylk=\"slk:CGT;elm:context_link;itc:0;sec:content-canvas\" class=\"link \">CGT <\/a>du Centre hospitalier universitaire de <a href=\"https:\/\/www.20minutes.fr\/lille\/?at_medium=RSS%20feed&amp;at_campaign=ynews&amp;utm_source=yahoo&amp;utm_medium=rss&amp;utm_campaign=news_feed&amp;utm_content=in_article_link\" rel=\"nofollow noopener\" target=\"_blank\" data-ylk=\"slk:Lille;elm:context_link;itc:0;sec:content-canvas\" class=\"link \">Lille<\/a>. Selon des signalements effectu\u00e9s aupr\u00e8s des d\u00e9l\u00e9gu\u00e9s par des personnels, la pr\u00e9sence de nombreux cafards a \u00e9t\u00e9 d\u00e9tect\u00e9e dans plusieurs services, notamment \u00e0 l\u2019h\u00f4pital Calmette et aux soins intensifs de cardiologie. <a href=\"https:\/\/france3-regions.franceinfo.fr\/hauts-de-france\/nord-0\/lille\/proliferation-de-cafards-dans-un-grand-hopital-du-nord-de-la-france-la-direction-assure-que-les-nuisibles-ont-ete-eradiques-3204146.html?at_medium=RSS%20feed&amp;at_campaign=ynews&amp;utm_source=yahoo&amp;utm_medium=rss&amp;utm_campaign=news_feed&amp;utm_content=in_article_link\" rel=\"nofollow noopener\" target=\"_blank\" data-ylk=\"slk:A France 3;elm:context_link;itc:0;sec:content-canvas\" class=\"link \">A France 3<\/a>, la direction de l\u2019\u00e9tablissement promet toutefois que les insectes seront bient\u00f4t \u00e9radiqu\u00e9s.<\/p>\n<p>Dans un <a href=\"https:\/\/www.facebook.com\/permalink.php?story_fbid=pfbid02e83BWnnzzf12eDf1oERy5GqiSNeP2iZctsroeeB6nvBrw53P7PfNQ2oMTbt4JUWhl&amp;id=100063604482458&amp;at_medium=RSS%20feed&amp;at_campaign=ynews&amp;utm_source=yahoo&amp;utm_medium=rss&amp;utm_campaign=news_feed&amp;utm_content=in_article_link\" rel=\"nofollow noopener\" target=\"_blank\" data-ylk=\"slk:communiqu\u00e9 dat\u00e9 du 12\u00a0ao\u00fbt;elm:context_link;itc:0;sec:content-canvas\" class=\"link \">communiqu\u00e9 dat\u00e9 du 12\u00a0ao\u00fbt<\/a>, la CGT assure qu\u2019au moins six services sont impact\u00e9s, dont certains plus sensibles que d\u2019autres, notamment les soins intensifs de cardiologie et le service post-urgences. Toujours selon le syndicat, plusieurs agents ont rapport\u00e9 avoir aussi retrouv\u00e9 des cafards dans leurs v\u00e9hicules et \u00e0 leurs domiciles \u00ab\u00a0sans qu\u2019ils n\u2019en aient jamais vu auparavant\u00a0\u00bb.<\/p>\n<p>Des \u00ab\u00a0blattes germaniques\u00a0\u00bb<\/p>\n<p>Dans plusieurs mails envoy\u00e9s \u00e0 la direction pour l\u2019informer de l\u2019infestation, la CGT a expliqu\u00e9 avoir identifi\u00e9 diff\u00e9rents types de cafards captur\u00e9s par des personnels, dont possiblement des \u00ab\u00a0blattes germaniques\u00a0\u00bb, et d\u00e9plore \u00ab\u00a0les risques pour l\u2019hygi\u00e8ne et la sant\u00e9 humaine et l\u2019environnement\u00a0\u00bb.<\/p>\n<p>De son c\u00f4t\u00e9, la direction du CHU a reconnu la pr\u00e9sence de cafards et assur\u00e9 avoir engag\u00e9, d\u00e8s le mois de juillet, des moyens pour \u00e9radiquer la pr\u00e9sence des insectes. A France 3, le CHU promet que \u00ab\u00a0la situation est quasiment revenue \u00e0 la normale \u00e0 ce jour\u00a0\u00bb gr\u00e2ce aux traitements. Dans un nouveau communiqu\u00e9, dat\u00e9 de mardi, la CGT d\u00e9plore les accusations selon lesqu(&#8230;)<\/p>\n<p><a href=\"https:\/\/www.20minutes.fr\/lille\/4168739-20250820-lille-cafards-envahi-centre-hospitalier-universitaire?at_medium=RSS%20feed&amp;at_campaign=ynews&amp;utm_source=yahoo&amp;utm_medium=rss&amp;utm_campaign=news_feed&amp;utm_content=read_more_link&quot;\" rel=\"nofollow noopener\" target=\"_blank\" data-ylk=\"slk:Lire la suite sur 20minutes;elm:context_link;itc:0;sec:content-canvas\" class=\"link \">Lire la suite sur 20minutes<\/a><\/p>\n<p>\u00c0 lire aussi :<br \/><a href=\"https:\/\/www.20minutes.fr\/societe\/4153031-20250525-avant-gout-enfer-locataires-immeuble-squatte-dealers-bout?at_medium=RSS%20feed&amp;at_campaign=ynews&amp;utm_source=yahoo&amp;utm_medium=rss&amp;utm_campaign=news_feed&amp;utm_content=related_content_link\" rel=\"nofollow noopener\" target=\"_blank\" data-ylk=\"slk:\u00ab\u00a0Un avant-go\u00fbt de l\u2019enfer\u00a0\u00bb\u2026 Les locataires d\u2019un immeuble squatt\u00e9 par des dealers \u00e0 bout;elm:context_link;itc:0;sec:content-canvas\" class=\"link \">\u00ab\u00a0Un avant-go\u00fbt de l\u2019enfer\u00a0\u00bb\u2026 Les locataires d\u2019un immeuble squatt\u00e9 par des dealers \u00e0 bout<\/a><br \/><a href=\"https:\/\/www.20minutes.fr\/justice\/4154634-20250521-nice-immondices-cafards-mere-condamnee-avoir-laisse-vivre-enfants-appartement-insalubre?at_medium=RSS%20feed&amp;at_campaign=ynews&amp;utm_source=yahoo&amp;utm_medium=rss&amp;utm_campaign=news_feed&amp;utm_content=related_content_link\" rel=\"nofollow noopener\" target=\"_blank\" data-ylk=\"slk:Nice\u00a0: Immondices, cafards\u2026 Une m\u00e8re condamn\u00e9e pour avoir laiss\u00e9 vivre ses enfants dans un appartement insalubre;elm:context_link;itc:0;sec:content-canvas\" class=\"link \">Nice\u00a0: Immondices, cafards\u2026 Une m\u00e8re condamn\u00e9e pour avoir laiss\u00e9 vivre ses enfants dans un appartement insalubre<\/a><\/p>\n","protected":false},"excerpt":{"rendered":"cafard na\u00fcm &#8211; H\u00f4pital Calmette, soins intensifs de cardio, Institut c\u0153ur poumon, blanchisserie\u2026 La CGT du centre hospitalier&hellip;\n","protected":false},"author":2,"featured_media":332067,"comment_status":"","ping_status":"","sticky":false,"template":"","format":"standard","meta":{"footnotes":""},"categories":[2815],"tags":[1111,11,46930,1777,674,1011,27,811,46928,46929,46927,9687,1307,12,25,46926],"class_list":{"0":"post-332066","1":"post","2":"type-post","3":"status-publish","4":"format-standard","5":"has-post-thumbnail","7":"category-lille","8":"tag-actu","9":"tag-actualites","10":"tag-cafards","11":"tag-eu","12":"tag-europe","13":"tag-fr","14":"tag-france","15":"tag-hauts-de-france","16":"tag-hopital-calmette","17":"tag-lhygiene-et-la-sante","18":"tag-le-syndicat","19":"tag-les-locataires","20":"tag-lille","21":"tag-news","22":"tag-republique-francaise","23":"tag-soins-intensifs"},"share_on_mastodon":{"url":"https:\/\/pubeurope.com\/@fr\/115062244965368363","error":""},"_links":{"self":[{"href":"https:\/\/www.europesays.com\/fr\/wp-json\/wp\/v2\/posts\/332066","targetHints":{"allow":["GET"]}}],"collection":[{"href":"https:\/\/www.europesays.com\/fr\/wp-json\/wp\/v2\/posts"}],"about":[{"href":"https:\/\/www.europesays.com\/fr\/wp-json\/wp\/v2\/types\/post"}],"author":[{"embeddable":true,"href":"https:\/\/www.europesays.com\/fr\/wp-json\/wp\/v2\/users\/2"}],"replies":[{"embeddable":true,"href":"https:\/\/www.europesays.com\/fr\/wp-json\/wp\/v2\/comments?post=332066"}],"version-history":[{"count":0,"href":"https:\/\/www.europesays.com\/fr\/wp-json\/wp\/v2\/posts\/332066\/revisions"}],"wp:featuredmedia":[{"embeddable":true,"href":"https:\/\/www.europesays.com\/fr\/wp-json\/wp\/v2\/media\/332067"}],"wp:attachment":[{"href":"https:\/\/www.europesays.com\/fr\/wp-json\/wp\/v2\/media?parent=332066"}],"wp:term":[{"taxonomy":"category","embeddable":true,"href":"https:\/\/www.europesays.com\/fr\/wp-json\/wp\/v2\/categories?post=332066"},{"taxonomy":"post_tag","embeddable":true,"href":"https:\/\/www.europesays.com\/fr\/wp-json\/wp\/v2\/tags?post=332066"}],"curies":[{"name":"wp","href":"https:\/\/api.w.org\/{rel}","templated":true}]}}