{"id":332068,"date":"2025-08-20T17:21:13","date_gmt":"2025-08-20T17:21:13","guid":{"rendered":"https:\/\/www.europesays.com\/fr\/332068\/"},"modified":"2025-08-20T17:21:13","modified_gmt":"2025-08-20T17:21:13","slug":"la-bretelle-dacces-n2-vers-marseille-fermee-pendant-pres-de-4-mois","status":"publish","type":"post","link":"https:\/\/www.europesays.com\/fr\/332068\/","title":{"rendered":"la bretelle d&rsquo;acc\u00e8s n\u00b02 vers Marseille ferm\u00e9e pendant pr\u00e8s de 4 mois"},"content":{"rendered":"<p>Pour les habitu\u00e9s, il faudra changer ses habitudes pendant pr\u00e8s de 4 mois.\u00a0La Direction interd\u00e9partementale des routes M\u00e9diterran\u00e9e (Dirmed) annonce la fermeture, jour comme nuit, d&rsquo;une bretelle d&rsquo;acc\u00e8s \u00e0 <a href=\"https:\/\/www.laprovence.com\/article\/region\/73895723058353\/une-premiere-bretelle-de-lechangeur-rd9-a55-entre-chateauneuf-les-martigues-et-ensues-la-redonne-a-ouvert\" target=\"_blank\" rel=\"noopener\">l&rsquo;autoroute A55<\/a>, de <a href=\"https:\/\/www.laprovence.com\/\" target=\"_blank\" rel=\"noopener\">Martigues vers Marseille<\/a>.\u00a0<\/p>\n<p>Il s&rsquo;agit de la bretelle n\u00b02 de l&rsquo;\u00e9changeur 11 qui sera coup\u00e9 \u00e0 la circulation, du 8 septembre \u00e0 9h jusqu&rsquo;au 31 d\u00e9cembre 2025 \u00e0 18h.<\/p>\n<p>En cause\u00a0: des travaux de r\u00e9paration de murs, ab\u00eem\u00e9s par la corrosion. \u00ab\u00a0Cette corrosion peut entra\u00eener une chute de pierres, une d\u00e9stabilisation du talus bordant l&rsquo;A55 et nuire \u00e0 la s\u00e9curit\u00e9 des usagers\u00a0\u00bb, pr\u00e9cise la Dirmed dans un communiqu\u00e9.<\/p>\n<p>Une d\u00e9viation mise en place<\/p>\n<p>Et poursuit\u00a0: \u00ab\u00a0L&rsquo;op\u00e9ration consiste en la destruction de murs gabions existants (murs grillag\u00e9s remplis de blocs de pierre) soutenant le talus de la route [&#8230;] et leur remplacement par des murs de sout\u00e8nement en b\u00e9ton.\u00a0\u00bb<\/p>\n<p>Une d\u00e9viation sera mise en place le temps des travaux. \u00c0 partir du Giratoire du Souvenir Fran\u00e7ais, il faudra emprunter l&rsquo;Avenue Charles de Gaulle, puis l&rsquo;ancienne route de Marseille, avant de rejoindre l&rsquo;Avenue Mirabeau. Il sera alors possible de rejoindre l&rsquo;A55 en <a href=\"https:\/\/www.laprovence.com\/article\/region\/2295799866146215\/video-autoroutes-a-marseille-des-oeuvres-pour-limiter-la-profusion-des-tags-et-promouvoir-les-artistes-locaux\" target=\"_blank\" rel=\"noopener\">direction de Marseille<\/a> par la bretelle n\u00b04 de l&rsquo;\u00e9changeur n\u00b010.<\/p>\n","protected":false},"excerpt":{"rendered":"Pour les habitu\u00e9s, il faudra changer ses habitudes pendant pr\u00e8s de 4 mois.\u00a0La Direction interd\u00e9partementale des routes M\u00e9diterran\u00e9e&hellip;\n","protected":false},"author":2,"featured_media":332069,"comment_status":"","ping_status":"","sticky":false,"template":"","format":"standard","meta":{"footnotes":""},"categories":[2814],"tags":[17,13345,1111,11,1102,46931,38851,1777,674,1011,27,884,12045,46932,12,882,16,25,13703],"class_list":{"0":"post-332068","1":"post","2":"type-post","3":"status-publish","4":"format-standard","5":"has-post-thumbnail","7":"category-marseille","8":"tag-17","9":"tag-a55","10":"tag-actu","11":"tag-actualites","12":"tag-breakingnews","13":"tag-bretelle","14":"tag-dacces","15":"tag-eu","16":"tag-europe","17":"tag-fr","18":"tag-france","19":"tag-marseille","20":"tag-martigues","21":"tag-n2","22":"tag-news","23":"tag-provence-alpes-cote-dazur","24":"tag-region","25":"tag-republique-francaise","26":"tag-vers"},"share_on_mastodon":{"url":"https:\/\/pubeurope.com\/@fr\/115062248877794031","error":""},"_links":{"self":[{"href":"https:\/\/www.europesays.com\/fr\/wp-json\/wp\/v2\/posts\/332068","targetHints":{"allow":["GET"]}}],"collection":[{"href":"https:\/\/www.europesays.com\/fr\/wp-json\/wp\/v2\/posts"}],"about":[{"href":"https:\/\/www.europesays.com\/fr\/wp-json\/wp\/v2\/types\/post"}],"author":[{"embeddable":true,"href":"https:\/\/www.europesays.com\/fr\/wp-json\/wp\/v2\/users\/2"}],"replies":[{"embeddable":true,"href":"https:\/\/www.europesays.com\/fr\/wp-json\/wp\/v2\/comments?post=332068"}],"version-history":[{"count":0,"href":"https:\/\/www.europesays.com\/fr\/wp-json\/wp\/v2\/posts\/332068\/revisions"}],"wp:featuredmedia":[{"embeddable":true,"href":"https:\/\/www.europesays.com\/fr\/wp-json\/wp\/v2\/media\/332069"}],"wp:attachment":[{"href":"https:\/\/www.europesays.com\/fr\/wp-json\/wp\/v2\/media?parent=332068"}],"wp:term":[{"taxonomy":"category","embeddable":true,"href":"https:\/\/www.europesays.com\/fr\/wp-json\/wp\/v2\/categories?post=332068"},{"taxonomy":"post_tag","embeddable":true,"href":"https:\/\/www.europesays.com\/fr\/wp-json\/wp\/v2\/tags?post=332068"}],"curies":[{"name":"wp","href":"https:\/\/api.w.org\/{rel}","templated":true}]}}