{"id":332070,"date":"2025-08-20T17:22:13","date_gmt":"2025-08-20T17:22:13","guid":{"rendered":"https:\/\/www.europesays.com\/fr\/332070\/"},"modified":"2025-08-20T17:22:13","modified_gmt":"2025-08-20T17:22:13","slug":"des-sinistres-de-lincendie-de-marseille-reloges-dans-des-bungalows-2","status":"publish","type":"post","link":"https:\/\/www.europesays.com\/fr\/332070\/","title":{"rendered":"des sinistr\u00e9s de l\u2019incendie de Marseille relog\u00e9s dans des bungalows"},"content":{"rendered":"<p>Ces victimes de l\u2019incendie qui avait ravag\u00e9 une partie des quartiers nord de Marseille, d\u00e9but juillet, b\u00e9n\u00e9ficient d\u00e9sormais d\u2019un terrain appartenant \u00e0 la municipalit\u00e9 afin d\u2019y installer des bungalows. Une solution de transition inesp\u00e9r\u00e9e.<\/p>\n<p class=\"fig-paragraph\">\u00abOn est rest\u00e9s quatre jours dans la voiture avec mon mari, puis trois chez ma s\u0153ur, avant de passer 16 nuits \u00e0 l\u2019h\u00f4tel. On dort maintenant dans un camion depuis 20 jours\u00bb, \u00e9num\u00e8re Anne-Marie, priv\u00e9e de son T3 situ\u00e9 dans le quartier de Ch\u00e2teau-Bovis qu\u2019elle a subitement quitt\u00e9 apr\u00e8s 37 ans de location. \u00abLes combles ont br\u00fbl\u00e9 et le reste est inond\u00e9. Je ne peux plus rentrer chez moi. Le jour de l\u2019incendie (le 8 juillet dernier, NDLR), ma fille est arriv\u00e9e en hurlant qu\u2019il fallait partir. On a eu le temps de fuir in extremis\u00bb, poursuit la retrait\u00e9e aupr\u00e8s du Figaro.<\/p>\n<p class=\"fig-paragraph\">Comme des dizaines de personnes r\u00e9sidant dans le quartier, Anne-Marie et ses proches n\u2019ont depuis pas retrouv\u00e9 de solution de logement fixe\u00a0<a href=\"http:\/\/www.lefigaro.fr\/actualite-france\/incendie-a-marseille-maisons-detruites-collines-brulees-voitures-calcinees-les-images-apocalyptiques-des-degats-causes-par-les-flammes-20250709\" data-fig-type=\"NewsFlash\" data-gtm-custom-categorie=\"navigation\" data-gtm-custom-action=\"crossclick\" data-gtm-custom-label=\"Contextuel\" data-gtm-event=\"customEventSPE\" data-fig-domain=\"LEFIGARO\" rel=\"nofollow noopener\" target=\"_blank\">depuis la catastrophe<\/a>, oscillant entre plusieurs v\u00e9hicules et des \u00e9tablissements h\u00f4teliers pris en charge par leurs assurances. \u00abOn a pris la d\u00e9cision de ne plus batailler avec eux, il faut supplier pour se faire rembourser la moindre nuit. Le CCAS (Centre communal d\u2019action sociale, NDLR.) et de nombreuses personnes nous ont apport\u00e9 de l\u2019aide. On fait comme on peut\u00bb, souffle-t-elle.<\/p>\n<p>                                    <a class=\"fig-a11y-skip a11y-hidden\" href=\"#fig-a11y-skip-main-inarticle\"><br \/>\n        Passer la publicit\u00e9<br \/>\n    <\/a><\/p>\n<p class=\"fig-paragraph\">Une situation qui a mis \u00e0 rude \u00e9preuve les nerfs d\u2019Anne-Marie et de tous les sinistr\u00e9s de l\u2019incendie\u00a0<a href=\"http:\/\/www.lefigaro.fr\/marseille\/bouches-du-rhone-un-violent-incendie-ravage-pres-de-cinq-hectares-aux-portes-de-marseille-20250708\" data-fig-type=\"NewsFlash\" data-gtm-custom-categorie=\"navigation\" data-gtm-custom-action=\"crossclick\" data-gtm-custom-label=\"Contextuel\" data-gtm-event=\"customEventSPE\" data-fig-domain=\"LEFIGARO\" rel=\"nofollow noopener\" target=\"_blank\">qui avait parcouru, en quelques heures, plus de 700 hectares entre Les Pennes-Mirabeau et Marseille<\/a>. Mais ces derniers jours, une bonne nouvelle est venue \u00e9gayer le quotidien des victimes\u00a0: d\u00e9sormais, elles peuvent acc\u00e9der \u00e0 un terrain appartenant \u00e0 la mairie et situ\u00e9 \u00e0 proximit\u00e9 de leur ancien lieu de vie afin d\u2019y d\u00e9poser des bungalows.<\/p>\n<p>Pas d\u2019\u00e9lectricit\u00e9<\/p>\n<p class=\"fig-paragraph\">\u00abLa Ville de Marseille, devant l\u2019urgence de la situation des familles concern\u00e9es, a propos\u00e9 l\u2019acc\u00e8s \u00e0 un terrain lui appartenant, via une convention d\u2019occupation temporaire, afin que les sinistr\u00e9s puissent y installer \u00e0 titre provisoire des bungalows, dans l\u2019attente de la r\u00e9alisation des travaux\u00bb, indique la municipalit\u00e9, pr\u00e9cisant que les sinistr\u00e9s du quartier de Ch\u00e2teau-Bovis b\u00e9n\u00e9ficieraient en outre, comme chaque m\u00e9nage victime de l\u2019incendie, de deux\u00a0<a href=\"http:\/\/www.lefigaro.fr\/marseille\/incendie-a-marseille-la-mairie-veut-creer-un-fonds-d-aide-exceptionnelle-20250709\" data-fig-type=\"NewsFlash\" data-gtm-custom-categorie=\"navigation\" data-gtm-custom-action=\"crossclick\" data-gtm-custom-label=\"Contextuel\" data-gtm-event=\"customEventSPE\" data-fig-domain=\"LEFIGARO\" rel=\"nofollow noopener\" target=\"_blank\">aides financi\u00e8res exceptionnelles vot\u00e9es en conseil municipal<\/a>.<\/p>\n<p class=\"fig-paragraph\">Une proposition accueillie \u00e0 bras ouverts par les riverains sinistr\u00e9s, m\u00eame s\u2019ils doivent s\u2019acquitter \u00e0 leurs frais d\u2019un bungalow adapt\u00e9 \u00e0 leurs besoins avant d\u2019esp\u00e9rer retrouver leur foyer. \u00abOn a achet\u00e9 le n\u00f4tre 4000 euros, plus 800 euros de transport. On doit encore y faire installer une douche et des toilettes. Si tout va bien, on devrait s\u2019y installer dans une semaine\u00bb, se r\u00e9jouit Anne-Marie, dont le quotidien s\u2019est transform\u00e9 en un v\u00e9ritable calvaire.<\/p>\n<p class=\"fig-paragraph\">\u00abMon mari est appareill\u00e9 car il fait de l\u2019apn\u00e9e de sommeil. Nous n\u2019avons pas pu brancher l\u2019appareil car nous n\u2019avons pas d\u2019\u00e9lectricit\u00e9. On se lave avec des sceaux et de l\u2019eau qu\u2019une dame a gentiment mis \u00e0 disposition des familles. J\u2019ai pass\u00e9 toute la nuit debout dans le camion car je n\u2019arrivais pas \u00e0 dormir\u00bb, \u00e9num\u00e8re celle qui souffre de douleurs aux mains ainsi qu\u2019aux jambes et prend plusieurs traitements m\u00e9dicamenteux. Une premi\u00e8re \u00e9tape vers le retour \u00e0 la normale, qui s\u2019annonce long pour les victimes.<\/p>\n<p class=\"fig-paragraph\">\u00abJe pense que les travaux vont durer longtemps. On esp\u00e8re que le propri\u00e9taire soit plus conciliant et qu\u2019il nous laisse signer un nouveau bail\u00bb, implore Anne-Marie. \u00abL\u2019obligation de relogement des sinistr\u00e9s de Ch\u00e2teau-Bovis, qui ont un statut de locataire, appartient enti\u00e8rement au propri\u00e9taire. Celui-ci s\u2019est engag\u00e9 \u00e0 r\u00e9habiliter ou \u00e0 reconstruire\u00bb, rappelle la Ville de Marseille.<\/p>\n","protected":false},"excerpt":{"rendered":"Ces victimes de l\u2019incendie qui avait ravag\u00e9 une partie des quartiers nord de Marseille, d\u00e9but juillet, b\u00e9n\u00e9ficient d\u00e9sormais&hellip;\n","protected":false},"author":2,"featured_media":332071,"comment_status":"","ping_status":"","sticky":false,"template":"","format":"standard","meta":{"footnotes":""},"categories":[2814],"tags":[1111,11,1777,674,1011,27,1310,884,12,882,25],"class_list":{"0":"post-332070","1":"post","2":"type-post","3":"status-publish","4":"format-standard","5":"has-post-thumbnail","7":"category-marseille","8":"tag-actu","9":"tag-actualites","10":"tag-eu","11":"tag-europe","12":"tag-fr","13":"tag-france","14":"tag-incendie","15":"tag-marseille","16":"tag-news","17":"tag-provence-alpes-cote-dazur","18":"tag-republique-francaise"},"share_on_mastodon":{"url":"https:\/\/pubeurope.com\/@fr\/115062252777122930","error":""},"_links":{"self":[{"href":"https:\/\/www.europesays.com\/fr\/wp-json\/wp\/v2\/posts\/332070","targetHints":{"allow":["GET"]}}],"collection":[{"href":"https:\/\/www.europesays.com\/fr\/wp-json\/wp\/v2\/posts"}],"about":[{"href":"https:\/\/www.europesays.com\/fr\/wp-json\/wp\/v2\/types\/post"}],"author":[{"embeddable":true,"href":"https:\/\/www.europesays.com\/fr\/wp-json\/wp\/v2\/users\/2"}],"replies":[{"embeddable":true,"href":"https:\/\/www.europesays.com\/fr\/wp-json\/wp\/v2\/comments?post=332070"}],"version-history":[{"count":0,"href":"https:\/\/www.europesays.com\/fr\/wp-json\/wp\/v2\/posts\/332070\/revisions"}],"wp:featuredmedia":[{"embeddable":true,"href":"https:\/\/www.europesays.com\/fr\/wp-json\/wp\/v2\/media\/332071"}],"wp:attachment":[{"href":"https:\/\/www.europesays.com\/fr\/wp-json\/wp\/v2\/media?parent=332070"}],"wp:term":[{"taxonomy":"category","embeddable":true,"href":"https:\/\/www.europesays.com\/fr\/wp-json\/wp\/v2\/categories?post=332070"},{"taxonomy":"post_tag","embeddable":true,"href":"https:\/\/www.europesays.com\/fr\/wp-json\/wp\/v2\/tags?post=332070"}],"curies":[{"name":"wp","href":"https:\/\/api.w.org\/{rel}","templated":true}]}}