{"id":332074,"date":"2025-08-20T17:24:21","date_gmt":"2025-08-20T17:24:21","guid":{"rendered":"https:\/\/www.europesays.com\/fr\/332074\/"},"modified":"2025-08-20T17:24:21","modified_gmt":"2025-08-20T17:24:21","slug":"lyon-un-suspect-arrete-a-la-guillotiere-apres-la-violente-agression-dangelo-86-ans","status":"publish","type":"post","link":"https:\/\/www.europesays.com\/fr\/332074\/","title":{"rendered":"Lyon. Un suspect arr\u00eat\u00e9 \u00e0 la Guilloti\u00e8re apr\u00e8s la violente agression d\u2019Angelo, 86 ans"},"content":{"rendered":"<p>Un suspect a \u00e9t\u00e9 interpell\u00e9 mardi soir, neuf jours apr\u00e8s la violente agression d\u2019un octog\u00e9naire, \u00e0 Gerland (Lyon 7e ), a appris Le Progr\u00e8s. La victime, un habitant historique du quartier, s\u2019\u00e9tait fait arracher sa cha\u00eenette en or, alors qu\u2019il venait de franchir le portail de son domicile, vers 18 heures, dimanche 10\u00a0ao\u00fbt. Projet\u00e9 au sol, l\u2019homme de 86 ans avait \u00e9t\u00e9 rou\u00e9 de coups, alors qu\u2019il s\u2019accrochait \u00e0 sa sacoche pour ne pas se la faire \u00e9galement subtiliser, selon le r\u00e9cit d\u2019une de ses filles qui s\u2019\u00e9tait confi\u00e9e au Progr\u00e8s.<\/p>\n<p>L\u2019octog\u00e9naire souffre d\u2019une fracture de la hanche et a \u00e9t\u00e9 s\u00e9rieusement bless\u00e9 aux bras. Il a d\u00fb \u00eatre op\u00e9r\u00e9 \u00e0 l\u2019h\u00f4pital Edouard-Herriot (Lyon 3e). \u00ab\u00a0Un long combat\u00a0\u00bb d\u00e9marre pour sa gu\u00e9rison, a d\u00e9plor\u00e9 aupr\u00e8s de notre r\u00e9daction sa fille. L\u2019auteur de l\u2019agression \u00ab\u00a0a ruin\u00e9 les derni\u00e8res ann\u00e9es de vie de notre papa\u00a0\u00bb.<\/p>\n<p>  Situation irr\u00e9guli\u00e8re<\/p>\n<p>Le mis en cause <a href=\"https:\/\/www.leprogres.fr\/faits-divers-justice\/2025\/08\/14\/il-l-a-fini-a-coups-de-pied-angelo-86-ans-passe-a-tabac-a-lyon-pour-un-bijou\" target=\"_blank\" rel=\"noopener\">dans cette affaire<\/a> a \u00e9t\u00e9 interpell\u00e9 vers 19\u00a0h\u00a020, mardi, par un \u00e9quipage de police en patrouille dans le quartier de La Guilloti\u00e8re qui l\u2019a reconnu. Le suspect avait \u00e9t\u00e9 identifi\u00e9 pr\u00e9alablement par les enqu\u00eateurs. Plac\u00e9 en garde \u00e0 vue pour vol avec violence, il doit \u00eatre d\u00e9f\u00e9r\u00e9 jeudi matin devant le parquet de Lyon, en vue d\u2019un jugement en comparution imm\u00e9diate, probablement d\u00e8s l\u2019apr\u00e8s-midi. La pr\u00e9fecture a en parall\u00e8le d\u00e9livr\u00e9 une <a href=\"https:\/\/www.leprogres.fr\/societe\/2024\/11\/13\/oqtf-en-quoi-consiste-cette-mesure-administrative-d-eloignement\" target=\"_blank\" rel=\"noopener\">obligation de quitter le territoire fran\u00e7ais<\/a> \u00e0 effet imm\u00e9diat, coupl\u00e9e \u00e0 une assignation \u00e0 r\u00e9sidence, \u00e0 cet Alg\u00e9rien en situation irr\u00e9guli\u00e8re.<\/p>\n<p>Le suspect serait \u00e2g\u00e9 de 20 ans, selon la <a href=\"https:\/\/www.leprogres.fr\/faits-divers-justice\/2023\/05\/23\/a-lyon-la-police-aux-frontieres-detecte-les-faux-mineurs-delinquants-en-quelques-heures\" target=\"_blank\" rel=\"noopener\">cellule d\u2019\u00e9valuation de la minorit\u00e9 de la police<\/a>. L\u2019individu, d\u00e9favorablement connu, a tent\u00e9 de se d\u00e9clarer mineur lors de son audition. Les peines encourues sont moindres pour les adolescents.<\/p>\n","protected":false},"excerpt":{"rendered":"Un suspect a \u00e9t\u00e9 interpell\u00e9 mardi soir, neuf jours apr\u00e8s la violente agression d\u2019un octog\u00e9naire, \u00e0 Gerland (Lyon&hellip;\n","protected":false},"author":2,"featured_media":332075,"comment_status":"","ping_status":"","sticky":false,"template":"","format":"standard","meta":{"footnotes":""},"categories":[1889],"tags":[1111,11,2430,271,272,2757,1777,674,274,107,1011,27,2428,2756,12,25,2429],"class_list":{"0":"post-332074","1":"post","2":"type-post","3":"status-publish","4":"format-standard","5":"has-post-thumbnail","7":"category-lyon","8":"tag-actu","9":"tag-actualites","10":"tag-auvergne-rhone-alpes","11":"tag-crime","12":"tag-delit-et-contravention","13":"tag-edition-lyon-villeurbanne","14":"tag-eu","15":"tag-europe","16":"tag-faits-divers-justice","17":"tag-fil-info","18":"tag-fr","19":"tag-france","20":"tag-lyon","21":"tag-lyon-bassin","22":"tag-news","23":"tag-republique-francaise","24":"tag-rhone"},"share_on_mastodon":{"url":"https:\/\/pubeurope.com\/@fr\/115062260557167156","error":""},"_links":{"self":[{"href":"https:\/\/www.europesays.com\/fr\/wp-json\/wp\/v2\/posts\/332074","targetHints":{"allow":["GET"]}}],"collection":[{"href":"https:\/\/www.europesays.com\/fr\/wp-json\/wp\/v2\/posts"}],"about":[{"href":"https:\/\/www.europesays.com\/fr\/wp-json\/wp\/v2\/types\/post"}],"author":[{"embeddable":true,"href":"https:\/\/www.europesays.com\/fr\/wp-json\/wp\/v2\/users\/2"}],"replies":[{"embeddable":true,"href":"https:\/\/www.europesays.com\/fr\/wp-json\/wp\/v2\/comments?post=332074"}],"version-history":[{"count":0,"href":"https:\/\/www.europesays.com\/fr\/wp-json\/wp\/v2\/posts\/332074\/revisions"}],"wp:featuredmedia":[{"embeddable":true,"href":"https:\/\/www.europesays.com\/fr\/wp-json\/wp\/v2\/media\/332075"}],"wp:attachment":[{"href":"https:\/\/www.europesays.com\/fr\/wp-json\/wp\/v2\/media?parent=332074"}],"wp:term":[{"taxonomy":"category","embeddable":true,"href":"https:\/\/www.europesays.com\/fr\/wp-json\/wp\/v2\/categories?post=332074"},{"taxonomy":"post_tag","embeddable":true,"href":"https:\/\/www.europesays.com\/fr\/wp-json\/wp\/v2\/tags?post=332074"}],"curies":[{"name":"wp","href":"https:\/\/api.w.org\/{rel}","templated":true}]}}